{"id":128,"date":"2016-11-25T12:03:42","date_gmt":"2016-11-25T12:03:42","guid":{"rendered":"http:\/\/institutviladomat.cat\/portfoli\/15bertafernandez\/?p=128"},"modified":"2017-02-20T07:43:25","modified_gmt":"2017-02-20T07:43:25","slug":"enregistrament-radio","status":"publish","type":"post","link":"https:\/\/institutviladomat.cat\/portfoli\/15bertafernandez\/2016\/11\/25\/enregistrament-radio\/","title":{"rendered":"Enregistrament r\u00e0dio"},"content":{"rendered":"<p>El dia 25 de novembre, hem fet el tancament de r\u00e0dio enregistrant per classes un magazine. El meu grup feiem un programa sobre bruixeria, els actes de fe. Ho hem grabat amb un estudi de r\u00e0dio real, l&#8217;Andreu ha posat\u00a0la m\u00fasica, feia de t\u00e8cnic. El programa ens ha sortit bastant b\u00e9, com a m\u00ednim jo no m&#8217;he equivocat ni una vegada. M&#8217;agrada el tema de l&#8217;\u00e8poca medieval, saver que feien en el nostre passat. Encara que sigui horrible, com he dit en el programa &#8220;<span style=\"font-weight: 400\">Com sempe, aprendreu hist\u00f2ries <\/span> <span style=\"font-weight: 400\">terror\u00edfiques per\u00f2 verdaderes \u2026<\/span>&#8221; . Jo he obert el programa i el Marc l&#8217;ha tancat, crec que tots estem d&#8217;acord que davant del micr\u00f2fon la tensi\u00f3 i el nerviosisme es dispara.<\/p>\n<p>Ha estat una experiencia molt interessant.<\/p>\n","protected":false},"excerpt":{"rendered":"<p>El dia 25 de novembre, hem fet el tancament de r\u00e0dio enregistrant per classes un magazine. El meu grup feiem un programa sobre bruixeria, els actes de fe&#8230;.<\/p>\n","protected":false},"author":11,"featured_media":157,"comment_status":"open","ping_status":"open","sticky":false,"template":"","format":"standard","meta":{"footnotes":""},"categories":[1],"tags":[],"_links":{"self":[{"href":"https:\/\/institutviladomat.cat\/portfoli\/15bertafernandez\/wp-json\/wp\/v2\/posts\/128"}],"collection":[{"href":"https:\/\/institutviladomat.cat\/portfoli\/15bertafernandez\/wp-json\/wp\/v2\/posts"}],"about":[{"href":"https:\/\/institutviladomat.cat\/portfoli\/15bertafernandez\/wp-json\/wp\/v2\/types\/post"}],"author":[{"embeddable":true,"href":"https:\/\/institutviladomat.cat\/portfoli\/15bertafernandez\/wp-json\/wp\/v2\/users\/11"}],"replies":[{"embeddable":true,"href":"https:\/\/institutviladomat.cat\/portfoli\/15bertafernandez\/wp-json\/wp\/v2\/comments?post=128"}],"version-history":[{"count":1,"href":"https:\/\/institutviladomat.cat\/portfoli\/15bertafernandez\/wp-json\/wp\/v2\/posts\/128\/revisions"}],"predecessor-version":[{"id":129,"href":"https:\/\/institutviladomat.cat\/portfoli\/15bertafernandez\/wp-json\/wp\/v2\/posts\/128\/revisions\/129"}],"wp:featuredmedia":[{"embeddable":true,"href":"https:\/\/institutviladomat.cat\/portfoli\/15bertafernandez\/wp-json\/wp\/v2\/media\/157"}],"wp:attachment":[{"href":"https:\/\/institutviladomat.cat\/portfoli\/15bertafernandez\/wp-json\/wp\/v2\/media?parent=128"}],"wp:term":[{"taxonomy":"category","embeddable":true,"href":"https:\/\/institutviladomat.cat\/portfoli\/15bertafernandez\/wp-json\/wp\/v2\/categories?post=128"},{"taxonomy":"post_tag","embeddable":true,"href":"https:\/\/institutviladomat.cat\/portfoli\/15bertafernandez\/wp-json\/wp\/v2\/tags?post=128"}],"curies":[{"name":"wp","href":"https:\/\/api.w.org\/{rel}","templated":true}]}}