{"id":136,"date":"2017-01-27T13:38:04","date_gmt":"2017-01-27T13:38:04","guid":{"rendered":"http:\/\/institutviladomat.cat\/portfoli\/15bertafernandez\/?p=136"},"modified":"2017-02-20T07:12:49","modified_gmt":"2017-02-20T07:12:49","slug":"excursio-a-vallvidriera","status":"publish","type":"post","link":"https:\/\/institutviladomat.cat\/portfoli\/15bertafernandez\/2017\/01\/27\/excursio-a-vallvidriera\/","title":{"rendered":"Excursi\u00f3 a Vallvidriera"},"content":{"rendered":"<p>Ahir 26 de gener de 2017, vam anar a Vallvidriera, vam visitar la casa on va morir Jacint Verdaguer, que ara es una exposici\u00f3 molt xula i interessant.<\/p>\n<p>Llastima que l&#8217;edifici esigui tant renovat, perqu\u00e8 hagues estat m\u00e9s impressionant, a l&#8217;exposici\u00f3 tamb\u00e8 hi havia alguns mobles de l&#8217;\u00e8poca, com el llit on va morir\u00a0Jacint Verdaguer.<\/p>\n<p><img decoding=\"async\" loading=\"lazy\" class=\"\" src=\"https:\/\/mail.google.com\/mail\/u\/0\/?ui=2&amp;ik=08859315f7&amp;view=fimg&amp;th=159e01245c77be89&amp;attid=0.2&amp;disp=inline&amp;realattid=1557683625099526144-local1&amp;safe=1&amp;attbid=ANGjdJ9TGb1gZZDadrX7-0Q08ZcNeuk6aHEM456O8sCwOOXi5TymZI7VGVrwf4Ika2rKFzUl1-gDRL4M1NLwfPjuObmtd5Sd3iY5MHhHdlfGcVzmv7BFQzQ-lvvs9Fw&amp;ats=1485523017564&amp;rm=159e01245c77be89&amp;zw&amp;sz=w1366-h655\" alt=\"Es mostra 20170126_114341.jpg.\" width=\"204\" height=\"363\" \/>\u00a0 \u00a0 \u00a0<img decoding=\"async\" src=\"https:\/\/mail.google.com\/mail\/u\/0\/?ui=2&amp;ik=08859315f7&amp;view=fimg&amp;th=159e01245c77be89&amp;attid=0.3&amp;disp=inline&amp;realattid=1557683625099526144-local2&amp;safe=1&amp;attbid=ANGjdJ9oPiOv1nw-jNZoYSd2tWgceI7LExlwlUwVoFZxk8V00IlvT0qDX-sVSKI1-WJ4fEfIFgYqpFwkr2nHk_H_wGi1Sk5O-QbpikhF6gMFxAlq2wTlOHhuYw4LuUY&amp;ats=1485523017564&amp;rm=159e01245c77be89&amp;zw&amp;sz=w1366-h655\" alt=\"Es mostra 20170126_113508.jpg.\" \/><\/p>\n<p>Despr\u00e8s vam poder anar al Pant\u00e0 de Vallvidriera on hi havien \u00e0necs.<\/p>\n<p>&nbsp;<\/p>\n<p><img decoding=\"async\" src=\"https:\/\/mail.google.com\/mail\/u\/0\/?ui=2&amp;ik=08859315f7&amp;view=fimg&amp;th=159e01245c77be89&amp;attid=0.1&amp;disp=inline&amp;realattid=1557683625099526144-local0&amp;safe=1&amp;attbid=ANGjdJ-atTVNRHFigs_mNjuiD_CFZQtEej6bM8oTtaQBN04lYDpyVevBk422FmauRAJKwcyDb7sTcbV7nZiGfqUpgymflxhETubr0f1EDT8eTHxlOmsroBjrHyUiA9I&amp;ats=1485523017563&amp;rm=159e01245c77be89&amp;zw&amp;sz=w1366-h655\" alt=\"Es mostra 20170126_132058.jpg.\" \/><\/p>\n","protected":false},"excerpt":{"rendered":"<p>Ahir 26 de gener de 2017, vam anar a Vallvidriera, vam visitar la casa on va morir Jacint Verdaguer, que ara es una exposici\u00f3 molt xula i interessant&#8230;.<\/p>\n","protected":false},"author":11,"featured_media":155,"comment_status":"open","ping_status":"open","sticky":false,"template":"","format":"standard","meta":{"footnotes":""},"categories":[1],"tags":[],"_links":{"self":[{"href":"https:\/\/institutviladomat.cat\/portfoli\/15bertafernandez\/wp-json\/wp\/v2\/posts\/136"}],"collection":[{"href":"https:\/\/institutviladomat.cat\/portfoli\/15bertafernandez\/wp-json\/wp\/v2\/posts"}],"about":[{"href":"https:\/\/institutviladomat.cat\/portfoli\/15bertafernandez\/wp-json\/wp\/v2\/types\/post"}],"author":[{"embeddable":true,"href":"https:\/\/institutviladomat.cat\/portfoli\/15bertafernandez\/wp-json\/wp\/v2\/users\/11"}],"replies":[{"embeddable":true,"href":"https:\/\/institutviladomat.cat\/portfoli\/15bertafernandez\/wp-json\/wp\/v2\/comments?post=136"}],"version-history":[{"count":1,"href":"https:\/\/institutviladomat.cat\/portfoli\/15bertafernandez\/wp-json\/wp\/v2\/posts\/136\/revisions"}],"predecessor-version":[{"id":137,"href":"https:\/\/institutviladomat.cat\/portfoli\/15bertafernandez\/wp-json\/wp\/v2\/posts\/136\/revisions\/137"}],"wp:featuredmedia":[{"embeddable":true,"href":"https:\/\/institutviladomat.cat\/portfoli\/15bertafernandez\/wp-json\/wp\/v2\/media\/155"}],"wp:attachment":[{"href":"https:\/\/institutviladomat.cat\/portfoli\/15bertafernandez\/wp-json\/wp\/v2\/media?parent=136"}],"wp:term":[{"taxonomy":"category","embeddable":true,"href":"https:\/\/institutviladomat.cat\/portfoli\/15bertafernandez\/wp-json\/wp\/v2\/categories?post=136"},{"taxonomy":"post_tag","embeddable":true,"href":"https:\/\/institutviladomat.cat\/portfoli\/15bertafernandez\/wp-json\/wp\/v2\/tags?post=136"}],"curies":[{"name":"wp","href":"https:\/\/api.w.org\/{rel}","templated":true}]}}