{"id":221,"date":"2017-09-15T12:25:25","date_gmt":"2017-09-15T12:25:25","guid":{"rendered":"http:\/\/institutviladomat.cat\/portfoli\/15bertafernandez\/?p=221"},"modified":"2018-03-02T10:24:06","modified_gmt":"2018-03-02T10:24:06","slug":"expectatives-de-3reso","status":"publish","type":"post","link":"https:\/\/institutviladomat.cat\/portfoli\/15bertafernandez\/2017\/09\/15\/expectatives-de-3reso\/","title":{"rendered":"expectatives de 3rESO"},"content":{"rendered":"<p>Les meves expectatives per aquest curs s\u00f3n repassar a casa els deures que tinc i si tinc qualsevol tasca dedicar com a m\u00ednim 30 minuts a fer-ho o repassar perqu\u00e8 trobo que\u00a0aix\u00f2\u00a0em pot ajudar a millorar el meu\u00a0rendiment\u00a0i aconseguir un nivell molt b\u00f3. Estar atenta durant tot el\u00a0temps, ja que\u00a0moltes vegades o en algunes classes em distrec i he de millorar la meva atenci\u00f3 per acabar,\u00a0<span class=\"hiddenGrammarError\">entregar<\/span>\u00a0totes les tasques\/treballs\/deures a l&#8217;hora.<\/p>\n<p>No s\u00e9\u00a0qu\u00e8\u00a0vull estudiar en un futur, ni\u00a0a qu\u00e8\u00a0em vull dedicar. No ho tinc gens clar perqu\u00e8 no s\u00e9\u00a0qu\u00e8\u00a0m&#8217;agrada fer. Hi ha coses que em desagraden molt per\u00f2 no\u00a0<span class=\"hiddenGrammarError\">hi han<\/span>\u00a0que m&#8217;agradin molt, per exemple odio les\u00a0lleng\u00fces\u00a0(menys\u00a0<span class=\"hiddenGrammarError\">l&#8217;angl\u00e8s<\/span>), Per\u00f2 tampoc mai m&#8217;ha\u00a0interessat\u00a0gens la hist\u00f2ria i no tinc bona mem\u00f2ria. M&#8217;<span class=\"hiddenGrammarError\">agrada dibuixar per\u00f2 considero<\/span>\u00a0que no tinc suficient talent ni dedicaci\u00f3 com per\u00a0<span class=\"hiddenSpellError\">dedicarm<\/span><span class=\"hiddenGrammarError\">-hi<\/span>. Sem donen bastant\u00a0<span class=\"hiddenGrammarError\">be<\/span>\u00a0les\u00a0matem\u00e0tiques\u00a0i la\u00a0rob\u00f2tica\u00a0per\u00f2 no\u00a0\u00e9s\u00a0que m&#8217;agradin gaire. M&#8217;encanten les arts\u00a0esc\u00e8niques\u00a0i faig teatre. En general no tinc per res clar del que vull fer, si s\u00e9 que no vull per\u00f2 no hi ha res de res que m&#8217;apassioni. El batxillerat art\u00edstic, el\u00a0tecnol\u00f2gic\u00a0(per\u00f2 no perqu\u00e8 m&#8217;agradi\u00a0sin\u00f3\u00a0perqu\u00e8\u00a0<span class=\"hiddenGrammarError\">s&#8217;em dona<\/span>\u00a0<span class=\"hiddenGrammarError\">be<\/span>),\u00a0potser\u00a0l&#8217;human\u00edstic\u00a0i\u00a0ci\u00e8ncies\u00a0socials. Necessito descobrir que m&#8217;agrada\u00a0perqu\u00e8\u00a0no ho tinc gens clar.<\/p>\n<p>&nbsp;<\/p>\n<p><strong><img decoding=\"async\" loading=\"lazy\" class=\"\" src=\"http:\/\/lomabeat.com\/wp-content\/uploads\/2015\/04\/Brandy_Melville.png\" alt=\"Resultat d'imatges de brandy melville\" width=\"322\" height=\"41\" \/><\/strong><\/p>\n<p>Odio les mongetes verdes perqu\u00e8 ni m&#8217;agrada la textura ni el sabor ni res. Hi han molts\u00a0m\u00e9s\u00a0aliments que no m&#8217;agraden\u00a0per\u00f2\u00a0aquest l&#8217;odio. Encara que tamb\u00e9\u00a0hi ha\u00a0altres aliments que m&#8217;encanten com la xocolata, o plats que adoro com el sushi.<\/p>\n<p><img decoding=\"async\" loading=\"lazy\" class=\"\" src=\"https:\/\/www.hogarmania.com\/archivos\/201312\/5277-nutricion-ainhoa-judias-verdes-xl-321x171x80xX.jpg\" alt=\"Resultat d'imatges de mongetes verdes\" width=\"208\" height=\"111\" \/><\/p>\n<p>M&#8217;agrada molt la tenda de roba Brandy Melville. La roba que venen m&#8217;encanta i \u00e9s un lloc on m&#8217;agrada molt anar a comprar amb les amigues, es a dir que a part de la meva tenda de roba preferida \u00e9s un punt d&#8217;uni\u00f3 amb les meves amistats.<\/p>\n<p><img decoding=\"async\" src=\"https:\/\/cdn.brandymelville.co.uk\/media\/\/home_slider\/BRANDYMELVILLE022817_13.jpg\" alt=\"Resultat d'imatges de brandy melville\" \/><\/p>\n","protected":false},"excerpt":{"rendered":"<p>Les meves expectatives per aquest curs s\u00f3n repassar a casa els deures que tinc i si tinc qualsevol tasca dedicar com a m\u00ednim 30 minuts a fer-ho o&#8230;<\/p>\n","protected":false},"author":11,"featured_media":245,"comment_status":"open","ping_status":"open","sticky":false,"template":"","format":"standard","meta":{"footnotes":""},"categories":[1,69],"tags":[127,126,128],"_links":{"self":[{"href":"https:\/\/institutviladomat.cat\/portfoli\/15bertafernandez\/wp-json\/wp\/v2\/posts\/221"}],"collection":[{"href":"https:\/\/institutviladomat.cat\/portfoli\/15bertafernandez\/wp-json\/wp\/v2\/posts"}],"about":[{"href":"https:\/\/institutviladomat.cat\/portfoli\/15bertafernandez\/wp-json\/wp\/v2\/types\/post"}],"author":[{"embeddable":true,"href":"https:\/\/institutviladomat.cat\/portfoli\/15bertafernandez\/wp-json\/wp\/v2\/users\/11"}],"replies":[{"embeddable":true,"href":"https:\/\/institutviladomat.cat\/portfoli\/15bertafernandez\/wp-json\/wp\/v2\/comments?post=221"}],"version-history":[{"count":3,"href":"https:\/\/institutviladomat.cat\/portfoli\/15bertafernandez\/wp-json\/wp\/v2\/posts\/221\/revisions"}],"predecessor-version":[{"id":226,"href":"https:\/\/institutviladomat.cat\/portfoli\/15bertafernandez\/wp-json\/wp\/v2\/posts\/221\/revisions\/226"}],"wp:featuredmedia":[{"embeddable":true,"href":"https:\/\/institutviladomat.cat\/portfoli\/15bertafernandez\/wp-json\/wp\/v2\/media\/245"}],"wp:attachment":[{"href":"https:\/\/institutviladomat.cat\/portfoli\/15bertafernandez\/wp-json\/wp\/v2\/media?parent=221"}],"wp:term":[{"taxonomy":"category","embeddable":true,"href":"https:\/\/institutviladomat.cat\/portfoli\/15bertafernandez\/wp-json\/wp\/v2\/categories?post=221"},{"taxonomy":"post_tag","embeddable":true,"href":"https:\/\/institutviladomat.cat\/portfoli\/15bertafernandez\/wp-json\/wp\/v2\/tags?post=221"}],"curies":[{"name":"wp","href":"https:\/\/api.w.org\/{rel}","templated":true}]}}