{"id":578,"date":"2018-12-08T23:33:27","date_gmt":"2018-12-08T23:33:27","guid":{"rendered":"http:\/\/institutviladomat.cat\/portfoli\/15bertafernandez\/?p=578"},"modified":"2018-12-08T23:33:28","modified_gmt":"2018-12-08T23:33:28","slug":"cerquem-micro-plastics","status":"publish","type":"post","link":"https:\/\/institutviladomat.cat\/portfoli\/15bertafernandez\/2018\/12\/08\/cerquem-micro-plastics\/","title":{"rendered":"Cerquem micro pl\u00e0stics"},"content":{"rendered":"\n<p>El passat dimecres vam anar tota la classe a la platja. Hem anat acompanyats de l&#8217;Aura, la professora de biologia i \u00e9s que hem anat a fer un mostreig de la sorra de la platja. L&#8217;objectiu era trobar els micro pl\u00e0stics per a contribuir a un estudi en el que es vol estudiar l&#8217;aparici\u00f3 de micro pl\u00e0stics al mar, ja que \u00faltimament s&#8217;est\u00e0 alertant de que els micro pl\u00e0stics s\u00f3n incl\u00fas m\u00e9s perjudicials que els grans, perqu\u00e8 segurament els estem ingerint.<\/p>\n\n\n\n<figure class=\"wp-block-image\"><img decoding=\"async\" loading=\"lazy\" width=\"768\" height=\"1024\" src=\"http:\/\/institutviladomat.cat\/portfoli\/15bertafernandez\/wp-content\/uploads\/sites\/9\/2018\/12\/IMG-5637-e1544311719959-768x1024.jpg\" alt=\"\" class=\"wp-image-593\" srcset=\"https:\/\/institutviladomat.cat\/portfoli\/15bertafernandez\/wp-content\/uploads\/sites\/9\/2018\/12\/IMG-5637-e1544311719959-768x1024.jpg 768w, https:\/\/institutviladomat.cat\/portfoli\/15bertafernandez\/wp-content\/uploads\/sites\/9\/2018\/12\/IMG-5637-e1544311719959-225x300.jpg 225w\" sizes=\"(max-width: 768px) 100vw, 768px\" \/><\/figure>\n\n\n\n<p>Ha estat molt divertit i \u00e9s que ens han deixat alguna petita estona de lliure per a descansar i hem pogut c\u00f3rrer i fer el burro per la sorra. Adoro la platja; \u00e9s agradable, preciosa i em relaxa molt. Vaig aprofitar per a fer algunes fotos ja que el paisatge colors i elements m&#8217;inspiraven.<\/p>\n\n\n\n<figure class=\"wp-block-image\"><img decoding=\"async\" loading=\"lazy\" width=\"768\" height=\"1024\" src=\"http:\/\/institutviladomat.cat\/portfoli\/15bertafernandez\/wp-content\/uploads\/sites\/9\/2018\/12\/IMG-5631-e1544311758920-768x1024.jpg\" alt=\"\" class=\"wp-image-592\" srcset=\"https:\/\/institutviladomat.cat\/portfoli\/15bertafernandez\/wp-content\/uploads\/sites\/9\/2018\/12\/IMG-5631-e1544311758920-768x1024.jpg 768w, https:\/\/institutviladomat.cat\/portfoli\/15bertafernandez\/wp-content\/uploads\/sites\/9\/2018\/12\/IMG-5631-e1544311758920-225x300.jpg 225w\" sizes=\"(max-width: 768px) 100vw, 768px\" \/><\/figure>\n\n\n\n<p>Finalment despr\u00e9s de recollir les mostres necess\u00e0ries vam tornar a l&#8217;Institut i vam dedicar a recercar pl\u00e0stics entre la sorra que haviem recollit amb l&#8217;adjuda de pinces i lupes.<\/p>\n\n\n\n<p>\u00c9s interessant tractar el tema, ja que no som suficientment conscients de que els micro pl\u00e0stics s\u00f3n un problema greu. Per si alg\u00fa no sap qu\u00e9 s\u00f3n o quins afectes tenen, deixo enlla\u00e7at <a href=\"https:\/\/www.youtube.com\/watch?v=jjsrmFUmyh4\">aqu\u00ed<\/a> un v\u00eddeo molt interessant i que us ajudar\u00e0 a definir una postura dins del tema.<\/p>\n","protected":false},"excerpt":{"rendered":"<p>El passat dimecres vam anar tota la classe a la platja. Hem anat acompanyats de l&#8217;Aura, la professora de biologia i \u00e9s que hem anat a fer un&#8230;<\/p>\n","protected":false},"author":11,"featured_media":594,"comment_status":"open","ping_status":"open","sticky":false,"template":"","format":"standard","meta":{"footnotes":""},"categories":[1],"tags":[181,167,95,93],"_links":{"self":[{"href":"https:\/\/institutviladomat.cat\/portfoli\/15bertafernandez\/wp-json\/wp\/v2\/posts\/578"}],"collection":[{"href":"https:\/\/institutviladomat.cat\/portfoli\/15bertafernandez\/wp-json\/wp\/v2\/posts"}],"about":[{"href":"https:\/\/institutviladomat.cat\/portfoli\/15bertafernandez\/wp-json\/wp\/v2\/types\/post"}],"author":[{"embeddable":true,"href":"https:\/\/institutviladomat.cat\/portfoli\/15bertafernandez\/wp-json\/wp\/v2\/users\/11"}],"replies":[{"embeddable":true,"href":"https:\/\/institutviladomat.cat\/portfoli\/15bertafernandez\/wp-json\/wp\/v2\/comments?post=578"}],"version-history":[{"count":2,"href":"https:\/\/institutviladomat.cat\/portfoli\/15bertafernandez\/wp-json\/wp\/v2\/posts\/578\/revisions"}],"predecessor-version":[{"id":595,"href":"https:\/\/institutviladomat.cat\/portfoli\/15bertafernandez\/wp-json\/wp\/v2\/posts\/578\/revisions\/595"}],"wp:featuredmedia":[{"embeddable":true,"href":"https:\/\/institutviladomat.cat\/portfoli\/15bertafernandez\/wp-json\/wp\/v2\/media\/594"}],"wp:attachment":[{"href":"https:\/\/institutviladomat.cat\/portfoli\/15bertafernandez\/wp-json\/wp\/v2\/media?parent=578"}],"wp:term":[{"taxonomy":"category","embeddable":true,"href":"https:\/\/institutviladomat.cat\/portfoli\/15bertafernandez\/wp-json\/wp\/v2\/categories?post=578"},{"taxonomy":"post_tag","embeddable":true,"href":"https:\/\/institutviladomat.cat\/portfoli\/15bertafernandez\/wp-json\/wp\/v2\/tags?post=578"}],"curies":[{"name":"wp","href":"https:\/\/api.w.org\/{rel}","templated":true}]}}