{"id":586,"date":"2018-12-08T23:09:58","date_gmt":"2018-12-08T23:09:58","guid":{"rendered":"http:\/\/institutviladomat.cat\/portfoli\/15bertafernandez\/?p=586"},"modified":"2018-12-08T23:10:01","modified_gmt":"2018-12-08T23:10:01","slug":"el-violi-dauschwitz-i-la-crua-realitat-sobre-els-camps-de-concentracio","status":"publish","type":"post","link":"https:\/\/institutviladomat.cat\/portfoli\/15bertafernandez\/2018\/12\/08\/el-violi-dauschwitz-i-la-crua-realitat-sobre-els-camps-de-concentracio\/","title":{"rendered":"El Viol\u00ed d&#8217;Auschwitz i la crua realitat sobre els camps de concentraci\u00f3"},"content":{"rendered":"\n<p>Per a classe de catal\u00e0 hem llegit a Maria \u00c0ngels Anglada. M\u00e9s espec\u00edficament la seva obra sobre els camps de concentraci\u00f3; El Viol\u00ed d&#8217;Auschwitz. Aquesta hist\u00f2ria relata la vida d&#8217;un violinista atrapat a Auschwitz, deixo la biografia de l&#8217;escriptora i un breu resum de l&#8217;argument. Tamb\u00e9 podeu visualitzar la portada que hem fet per al llibre.<\/p>\n\n\n\n<p>Maria \u00c0ngels Anglada, neix a Vic el 1930 i mor a Figueres el  1999.  <br>Va ser una de les escriptores catalanes m\u00e9s rellevants del segle XX. <br>Era  llicenciada en filologia cl\u00e0ssica, fou destacada primer com a poetessa, m\u00e9s endavant com a narradora, assagista, cr\u00edtica liter\u00e0ria i traductora de cl\u00e0ssics, sobretot  grecs.<br>Les seves poesies es recullen a  D\u00edptic, Kiparissia, Arietta i Columnes d\u2019hores (1965- 1990). La seva primera novel\u00b7la  va ser \u201cLes Closes\u201d i li van atorgar el premi Josep Pla al 1979. Va seguir escrivint  Viola d\u2019amore i L\u2019Agent del rei. Amb El viol\u00ed d\u2019Auschwitz i Quadern d\u2019Aram va voler  denunciar els genocidis jueus i armeni, ja que ella n\u2019estava en contra. Tamb\u00e9 podem destacar alguns dels seus reculls de narracions breus: No em dic Laura, La daurada Parm\u00e8lia, Nit de 1911, L\u2019\u00e0ngel i altres contes.<\/p>\n\n\n\n<p>El viol\u00ed d&#8217;Auschwitz explica la vida d&#8217;un violinista, en Daniel, un  jueu al camp de concentraci\u00f3 nazi d&#8217;Auschwitz, i ens d\u00f3na a con\u00e8ixer les seves condicions prec\u00e0ries de vida al camp.<br>Un dia, en un dels concerts que celebraven els caps dels diferents camps, un dels violins  va sonar malament. <br>Quan els caps volien matar el violinista perqu\u00e8 deien que feia sonar malament l&#8217;instrument, en Daniel va dir que el problema no era el violinista, sin\u00f3 que una petita esquerda a la part inferior del viol\u00ed. Aleshores, quan el \u201cCapo\u201d  es va adonar que el Daniel era un violinista que entenia molt de violins, el va obligar a construir un  altre viol\u00ed que tingu\u00e9s un so perfecte (com un Stradivarius), per\u00f2 ell no es va poder imaginar el c\u00e0stig que l&#8217;esperava si no complia b\u00e9 l&#8217;enc\u00e0rrec\u2026<br>Al cap de molts dies d\u2019esfor\u00e7 i patiment\u2026 aconsegueix acabar-lo a temps.<br>Quan el va tenir acabat es va celebrar un altre concert per veure si l\u2019instrument sonava del tot correcte. Com s\u2019esparava,  aquella actuaci\u00f3 va anar molt b\u00e9, la gent del p\u00fablic llen\u00e7ava monedes com a premi. La noia els va llen\u00e7ar un sobre que deia: Et treure d\u2019aqu\u00ed. Despr\u00e9s d\u2019uns dies, el violinista \u00e9s alliberat d\u2019aquell camp de concentraci\u00f3. <br>En un concert, la Regina li comenta a\u00a0 que en Daniel havia sobreviscut a l\u2019internament, per\u00f2 que havia mort ja feia uns quants anys. La Regina li regala el viol\u00ed al violinista que fou company d\u2019en Daniel a Auschwitz.<\/p>\n","protected":false},"excerpt":{"rendered":"<p>Per a classe de catal\u00e0 hem llegit a Maria \u00c0ngels Anglada. M\u00e9s espec\u00edficament la seva obra sobre els camps de concentraci\u00f3; El Viol\u00ed d&#8217;Auschwitz. Aquesta hist\u00f2ria relata la&#8230;<\/p>\n","protected":false},"author":11,"featured_media":587,"comment_status":"open","ping_status":"open","sticky":false,"template":"","format":"standard","meta":{"footnotes":""},"categories":[201],"tags":[41,212,66,173,156,67],"_links":{"self":[{"href":"https:\/\/institutviladomat.cat\/portfoli\/15bertafernandez\/wp-json\/wp\/v2\/posts\/586"}],"collection":[{"href":"https:\/\/institutviladomat.cat\/portfoli\/15bertafernandez\/wp-json\/wp\/v2\/posts"}],"about":[{"href":"https:\/\/institutviladomat.cat\/portfoli\/15bertafernandez\/wp-json\/wp\/v2\/types\/post"}],"author":[{"embeddable":true,"href":"https:\/\/institutviladomat.cat\/portfoli\/15bertafernandez\/wp-json\/wp\/v2\/users\/11"}],"replies":[{"embeddable":true,"href":"https:\/\/institutviladomat.cat\/portfoli\/15bertafernandez\/wp-json\/wp\/v2\/comments?post=586"}],"version-history":[{"count":1,"href":"https:\/\/institutviladomat.cat\/portfoli\/15bertafernandez\/wp-json\/wp\/v2\/posts\/586\/revisions"}],"predecessor-version":[{"id":588,"href":"https:\/\/institutviladomat.cat\/portfoli\/15bertafernandez\/wp-json\/wp\/v2\/posts\/586\/revisions\/588"}],"wp:featuredmedia":[{"embeddable":true,"href":"https:\/\/institutviladomat.cat\/portfoli\/15bertafernandez\/wp-json\/wp\/v2\/media\/587"}],"wp:attachment":[{"href":"https:\/\/institutviladomat.cat\/portfoli\/15bertafernandez\/wp-json\/wp\/v2\/media?parent=586"}],"wp:term":[{"taxonomy":"category","embeddable":true,"href":"https:\/\/institutviladomat.cat\/portfoli\/15bertafernandez\/wp-json\/wp\/v2\/categories?post=586"},{"taxonomy":"post_tag","embeddable":true,"href":"https:\/\/institutviladomat.cat\/portfoli\/15bertafernandez\/wp-json\/wp\/v2\/tags?post=586"}],"curies":[{"name":"wp","href":"https:\/\/api.w.org\/{rel}","templated":true}]}}