{"id":194,"date":"2017-05-07T15:52:51","date_gmt":"2017-05-07T15:52:51","guid":{"rendered":"http:\/\/institutviladomat.cat\/portfoli\/15esteveescola\/?p=194"},"modified":"2017-05-07T15:52:51","modified_gmt":"2017-05-07T15:52:51","slug":"diari-camp-aprenentatge","status":"publish","type":"post","link":"https:\/\/institutviladomat.cat\/portfoli\/15esteveescola\/2017\/05\/07\/diari-camp-aprenentatge\/","title":{"rendered":"Diari Camp Aprenentatge"},"content":{"rendered":"<p>Dia 18 d&#8217;abril:<\/p>\n<p>Avui, hem sortit de l&#8217;institut a les 9:15 per arribar a l&#8217;alberg Jaume I i comen\u00e7ar el Camp d&#8217;aprenentatge.<\/p>\n<p>El m\u00e9s rellevant del dia, ha sigut aprendre a entendre l&#8217;arquitectura de l&#8217;art g\u00f2tic i rom\u00e0nic. Per dur a terme aquest aprenentatge hem fet un taller relacionat amb aquest tema. M\u00e9s tard, hem anat al fam\u00f3s monestir de Santa Maria de Poblet per descobrir la seva hist\u00f2ria. El m\u00e9s curi\u00f3s que hem fet, ha sigut entrevistar a un monjo del monestir per saber com hi viu.<\/p>\n<p>Personalment, crec que ha sigut un bon comen\u00e7ament d&#8217;aquest camp d&#8217;aprenentatge.<\/p>\n<p><img decoding=\"async\" loading=\"lazy\" class=\"alignnone size-medium\" src=\"http:\/\/www.joanlesan.com\/wp-content\/uploads\/2014\/11\/Monestir-Poblet-03.jpg\" width=\"2597\" height=\"1390\" \/><\/p>\n<p>Dia 19 d&#8217;abril:<\/p>\n<p>El segon dia del camp d&#8217;aprenentatge, hem fet de cient\u00edfics per estudiar els boscos de la zona.<\/p>\n<p>Hem apr\u00e8s a diferenciar una arbreda d&#8217;un bosc (una arbreda \u00e9s un conjunt d&#8217;arbres plantats per l&#8217;home i un bosc \u00e9s un conjunt d&#8217;arbres, Arbustos i herbes que s&#8217;han reprodu\u00eft naturalment). Hem descobert que l&#8217;alzinar \u00e9s el bosc predominant de Catalunya i que a principis del segle XX van utilitzar les alzines per fer carb\u00f3.<\/p>\n<p>En resum, crec que ha sigut interessant fer de cient\u00edfics per con\u00e8ixer la natura que ens envolta.<\/p>\n<p><img decoding=\"async\" loading=\"lazy\" class=\"alignnone size-medium\" src=\"http:\/\/webfacil.tinet.cat\/usuaris\/boscpo\/vista_bosc_20070628120820.jpg\" width=\"448\" height=\"324\" \/><\/p>\n<p>Dia 20 d&#8217;abril:<\/p>\n<p>El pen\u00faltim dia, el podr\u00edem separar en dues activitats: L&#8217;estada a Mont Blanc i la creaci\u00f3 de tinta medieval.<\/p>\n<p>A mont blanc, hem fet una activitat de descobriment de restes medievals que es conserven a la zona. En el taller de tinta, hem creat la tinta amb la qual els monjos escrivien antigament a partir de productes naturals. Despr\u00e9s, cadasc\u00fa ha escrit amb un plom\u00ed el seu nom amb cal\u00b7ligrafia medieval.<\/p>\n<p>En conclusi\u00f3, ha sigut un dia molt divers i innovador.<\/p>\n<p><img decoding=\"async\" loading=\"lazy\" class=\"alignnone size-medium\" src=\"http:\/\/www.montblancmedieval.cat\/sites\/default\/files\/imatges\/albums\/_MG_8138_0.jpg\" width=\"1000\" height=\"666\" \/><\/p>\n<p>Dia 21 d&#8217;abril:<\/p>\n<p>Avui, \u00e9s l&#8217;\u00faltim dia del camp d&#8217;aprenentatge i per finalitzar aquesta estada hem anat al monestir de Santes Creus.<\/p>\n<p>El monestir de Santes Creus, \u00e9s un dels 3 monestirs de la ruta del Cister i t\u00e9 un detall que el difer\u00e8ncia dels altres. Normalment, un monestir del Cister t\u00e9 els capitells amb dibuixos de plantes i el de Santes Creus t\u00e9 unes il\u00b7lustracions d&#8217;animals i persones. No se sap per qu\u00e8, aquest monestir \u00e9s diferent que els altres en aquest aspecte.<\/p>\n<p>Per tant, podem concloure aquest camp d&#8217;aprenentatge amb la idea que aquests 4 dies han estat diferents i especials.<\/p>\n<p><img decoding=\"async\" loading=\"lazy\" class=\"alignnone size-medium\" src=\"https:\/\/www.larutadelcister.info\/sites\/default\/files\/arxius\/SantesCreus_680.jpg\" width=\"680\" height=\"300\" \/><\/p>\n<p>&nbsp;<\/p>\n<p>Aqui hi ha el mapa dels llocs on vam anar:<\/p>\n\n","protected":false},"excerpt":{"rendered":"<p>Dia 18 d&#8217;abril: Avui, hem sortit de l&#8217;institut a les 9:15 per arribar a l&#8217;alberg Jaume I i comen\u00e7ar el Camp d&#8217;aprenentatge. El m\u00e9s rellevant del dia, ha&#8230;<\/p>\n","protected":false},"author":36,"featured_media":0,"comment_status":"open","ping_status":"open","sticky":false,"template":"","format":"standard","meta":{"footnotes":""},"categories":[1],"tags":[51],"_links":{"self":[{"href":"https:\/\/institutviladomat.cat\/portfoli\/15esteveescola\/wp-json\/wp\/v2\/posts\/194"}],"collection":[{"href":"https:\/\/institutviladomat.cat\/portfoli\/15esteveescola\/wp-json\/wp\/v2\/posts"}],"about":[{"href":"https:\/\/institutviladomat.cat\/portfoli\/15esteveescola\/wp-json\/wp\/v2\/types\/post"}],"author":[{"embeddable":true,"href":"https:\/\/institutviladomat.cat\/portfoli\/15esteveescola\/wp-json\/wp\/v2\/users\/36"}],"replies":[{"embeddable":true,"href":"https:\/\/institutviladomat.cat\/portfoli\/15esteveescola\/wp-json\/wp\/v2\/comments?post=194"}],"version-history":[{"count":2,"href":"https:\/\/institutviladomat.cat\/portfoli\/15esteveescola\/wp-json\/wp\/v2\/posts\/194\/revisions"}],"predecessor-version":[{"id":196,"href":"https:\/\/institutviladomat.cat\/portfoli\/15esteveescola\/wp-json\/wp\/v2\/posts\/194\/revisions\/196"}],"wp:attachment":[{"href":"https:\/\/institutviladomat.cat\/portfoli\/15esteveescola\/wp-json\/wp\/v2\/media?parent=194"}],"wp:term":[{"taxonomy":"category","embeddable":true,"href":"https:\/\/institutviladomat.cat\/portfoli\/15esteveescola\/wp-json\/wp\/v2\/categories?post=194"},{"taxonomy":"post_tag","embeddable":true,"href":"https:\/\/institutviladomat.cat\/portfoli\/15esteveescola\/wp-json\/wp\/v2\/tags?post=194"}],"curies":[{"name":"wp","href":"https:\/\/api.w.org\/{rel}","templated":true}]}}