{"id":220,"date":"2017-06-19T07:08:55","date_gmt":"2017-06-19T07:08:55","guid":{"rendered":"http:\/\/institutviladomat.cat\/portfoli\/15esteveescola\/?p=220"},"modified":"2017-06-19T07:09:20","modified_gmt":"2017-06-19T07:09:20","slug":"biblioteca-de-catalunya","status":"publish","type":"post","link":"https:\/\/institutviladomat.cat\/portfoli\/15esteveescola\/2017\/06\/19\/biblioteca-de-catalunya\/","title":{"rendered":"Biblioteca de Catalunya"},"content":{"rendered":"<p>El dia 15 de juny, els alumnes de l&#8217;institut Viladomat vam anar a visitar la biblioteca de Catalunya.<\/p>\n<p>La Biblioteca de Catalunya \u00e9s una instituci\u00f3 catalana que t\u00e9 com a principal missi\u00f3 formar la Bibliografia Catalana amb l&#8217;adquisici\u00f3 dels fons bibliogr\u00e0fics impresos a Catalunya.<\/p>\n<p>Personalment, crec que ha sigut una bona sortida, ja que nom\u00e9s una petita part de la societat t\u00e9 acc\u00e9s a aquesta immensa font d&#8217;informaci\u00f3.<\/p>\n","protected":false},"excerpt":{"rendered":"<p>El dia 15 de juny, els alumnes de l&#8217;institut Viladomat vam anar a visitar la biblioteca de Catalunya. La Biblioteca de Catalunya \u00e9s una instituci\u00f3 catalana que t\u00e9&#8230;<\/p>\n","protected":false},"author":36,"featured_media":222,"comment_status":"open","ping_status":"open","sticky":false,"template":"","format":"standard","meta":{"footnotes":""},"categories":[60],"tags":[63],"_links":{"self":[{"href":"https:\/\/institutviladomat.cat\/portfoli\/15esteveescola\/wp-json\/wp\/v2\/posts\/220"}],"collection":[{"href":"https:\/\/institutviladomat.cat\/portfoli\/15esteveescola\/wp-json\/wp\/v2\/posts"}],"about":[{"href":"https:\/\/institutviladomat.cat\/portfoli\/15esteveescola\/wp-json\/wp\/v2\/types\/post"}],"author":[{"embeddable":true,"href":"https:\/\/institutviladomat.cat\/portfoli\/15esteveescola\/wp-json\/wp\/v2\/users\/36"}],"replies":[{"embeddable":true,"href":"https:\/\/institutviladomat.cat\/portfoli\/15esteveescola\/wp-json\/wp\/v2\/comments?post=220"}],"version-history":[{"count":1,"href":"https:\/\/institutviladomat.cat\/portfoli\/15esteveescola\/wp-json\/wp\/v2\/posts\/220\/revisions"}],"predecessor-version":[{"id":221,"href":"https:\/\/institutviladomat.cat\/portfoli\/15esteveescola\/wp-json\/wp\/v2\/posts\/220\/revisions\/221"}],"wp:featuredmedia":[{"embeddable":true,"href":"https:\/\/institutviladomat.cat\/portfoli\/15esteveescola\/wp-json\/wp\/v2\/media\/222"}],"wp:attachment":[{"href":"https:\/\/institutviladomat.cat\/portfoli\/15esteveescola\/wp-json\/wp\/v2\/media?parent=220"}],"wp:term":[{"taxonomy":"category","embeddable":true,"href":"https:\/\/institutviladomat.cat\/portfoli\/15esteveescola\/wp-json\/wp\/v2\/categories?post=220"},{"taxonomy":"post_tag","embeddable":true,"href":"https:\/\/institutviladomat.cat\/portfoli\/15esteveescola\/wp-json\/wp\/v2\/tags?post=220"}],"curies":[{"name":"wp","href":"https:\/\/api.w.org\/{rel}","templated":true}]}}