{"id":223,"date":"2017-09-15T12:30:10","date_gmt":"2017-09-15T12:30:10","guid":{"rendered":"http:\/\/institutviladomat.cat\/portfoli\/15esteveescola\/?p=223"},"modified":"2017-09-17T19:26:17","modified_gmt":"2017-09-17T19:26:17","slug":"expectatives-de-3r-deso","status":"publish","type":"post","link":"https:\/\/institutviladomat.cat\/portfoli\/15esteveescola\/2017\/09\/15\/expectatives-de-3r-deso\/","title":{"rendered":"Expectatives de 3r d&#8217;eso"},"content":{"rendered":"<p>Durant aquest 3r any a l&#8217;institut Viladomat m&#8217;he plantejat una s\u00e8rie de possibles objectius que estaria b\u00e9 complir.<\/p>\n<p>De cara al rendiment acad\u00e8mic, hauria d&#8217;escriure m\u00e9s per millorar la meva caligrafia, ja que \u00e9s bastant lamentable. Tamb\u00e9, podria fer alguna activitat o simplement esfor\u00e7ar-me m\u00e9s per aconseguir defensar-me m\u00ednimament en l&#8217;\u00e0mbit visual i pl\u00e0stic.<\/p>\n<p>Despr\u00e9s, respecte a la relaci\u00f3 que tinc amb els companys hauria de ser una mica m\u00e9s obert i no tan sec ( cosa que crec que ser\u00e0 una mica complicada, ja que em costa molt relacionar-me amb la majoria de la gent ).<\/p>\n<p>Finalment, quan arribi l&#8217;hora d&#8217;abandonar l&#8217;ESO, m&#8217;agradaria comen\u00e7ar el batxillerat cient\u00edfic-tecnol\u00f2gic i en acabar-lo endinsar-me en el complex mon de l&#8217;astronomia.<\/p>\n<p>&nbsp;<\/p>\n<p>&nbsp;<\/p>\n<p><img decoding=\"async\" loading=\"lazy\" class=\"irc_mi\" src=\"https:\/\/orig14.deviantart.net\/7d96\/f\/2013\/287\/d\/3\/tv_series_icon_by_quaffleeye-d6qj64q.png\" alt=\"Image result for series icon\" width=\"545\" height=\"409\" \/><\/p>\n<p>Aquesta imatge, representa una de les meves nombroses aficions. A mi, m&#8217;entret\u00e9n molt mirar series perqu\u00e8 els missatges que transmeten et transporten a mons ficticis i impressionants.<\/p>\n<p>&nbsp;<\/p>\n<p><img decoding=\"async\" loading=\"lazy\" class=\"irc_mi\" src=\"http:\/\/www.diferencia-entre.com\/wp-content\/uploads\/2014\/02\/insomnio_dibujo.jpg\" alt=\"Image result for dormir poco dibujo\" width=\"300\" height=\"200\" \/><\/p>\n<p>&nbsp;<\/p>\n<p>En canvi, aquest dibuix indica una de les coses que menys aguant-ho:<\/p>\n<p>Dormir poc.<\/p>\n<p>&nbsp;<\/p>\n<p>Personalment, crec i espero que aquest curs ser\u00e0 millor en alguns aspectes i diferent en altres. Per una part, segons el meu punt de vista la classe ha millorat, ja que la del curs passat era una mica pesada i insuportable. Per altra banda, crec que ser\u00e0 m\u00e9s complicat des de l&#8217;\u00e0mbit acad\u00e8mic.<\/p>\n<p>&nbsp;<\/p>\n<p>&nbsp;<\/p>\n<p>&nbsp;<\/p>\n<p>&nbsp;<\/p>\n<p>&nbsp;<\/p>\n","protected":false},"excerpt":{"rendered":"<p>Durant aquest 3r any a l&#8217;institut Viladomat m&#8217;he plantejat una s\u00e8rie de possibles objectius que estaria b\u00e9 complir. De cara al rendiment acad\u00e8mic, hauria d&#8217;escriure m\u00e9s per millorar&#8230;<\/p>\n","protected":false},"author":36,"featured_media":224,"comment_status":"open","ping_status":"open","sticky":false,"template":"","format":"standard","meta":{"footnotes":""},"categories":[64],"tags":[65,66],"_links":{"self":[{"href":"https:\/\/institutviladomat.cat\/portfoli\/15esteveescola\/wp-json\/wp\/v2\/posts\/223"}],"collection":[{"href":"https:\/\/institutviladomat.cat\/portfoli\/15esteveescola\/wp-json\/wp\/v2\/posts"}],"about":[{"href":"https:\/\/institutviladomat.cat\/portfoli\/15esteveescola\/wp-json\/wp\/v2\/types\/post"}],"author":[{"embeddable":true,"href":"https:\/\/institutviladomat.cat\/portfoli\/15esteveescola\/wp-json\/wp\/v2\/users\/36"}],"replies":[{"embeddable":true,"href":"https:\/\/institutviladomat.cat\/portfoli\/15esteveescola\/wp-json\/wp\/v2\/comments?post=223"}],"version-history":[{"count":1,"href":"https:\/\/institutviladomat.cat\/portfoli\/15esteveescola\/wp-json\/wp\/v2\/posts\/223\/revisions"}],"predecessor-version":[{"id":225,"href":"https:\/\/institutviladomat.cat\/portfoli\/15esteveescola\/wp-json\/wp\/v2\/posts\/223\/revisions\/225"}],"wp:featuredmedia":[{"embeddable":true,"href":"https:\/\/institutviladomat.cat\/portfoli\/15esteveescola\/wp-json\/wp\/v2\/media\/224"}],"wp:attachment":[{"href":"https:\/\/institutviladomat.cat\/portfoli\/15esteveescola\/wp-json\/wp\/v2\/media?parent=223"}],"wp:term":[{"taxonomy":"category","embeddable":true,"href":"https:\/\/institutviladomat.cat\/portfoli\/15esteveescola\/wp-json\/wp\/v2\/categories?post=223"},{"taxonomy":"post_tag","embeddable":true,"href":"https:\/\/institutviladomat.cat\/portfoli\/15esteveescola\/wp-json\/wp\/v2\/tags?post=223"}],"curies":[{"name":"wp","href":"https:\/\/api.w.org\/{rel}","templated":true}]}}