{"id":244,"date":"2017-11-24T12:53:48","date_gmt":"2017-11-24T12:53:48","guid":{"rendered":"http:\/\/institutviladomat.cat\/portfoli\/15esteveescola\/?p=244"},"modified":"2017-11-24T12:53:48","modified_gmt":"2017-11-24T12:53:48","slug":"el-mussol-i-la-forca","status":"publish","type":"post","link":"https:\/\/institutviladomat.cat\/portfoli\/15esteveescola\/2017\/11\/24\/el-mussol-i-la-forca\/","title":{"rendered":"El mussol i la forca"},"content":{"rendered":"<p>Durant el 1r trimestre, des de l&#8217;\u00e0mbit ling\u00fc\u00edstic de catal\u00e0 els alumnes de l&#8217;institut Viladomat de 3r hem llegit un llibre anomenat el mussol i la forca.<\/p>\n<p>El llibre parla sobre un agent de policia i un periodista que investiguen una s\u00e8rie de desaparicions misterioses que hi ha a Barcelona. Tot i que, aparentment, no estan relacionades, es produeixen sempre al subs\u00f2l de la ciutat i van acompanyades d&#8217;un inquietant grafit.<\/p>\n<p>Personalment, opino que \u00e9s un llibre molt inquietant i interessant, ja que sempre mant\u00e9n una l\u00ednia de suspens que no desapareix fins al desenlla\u00e7 de la novel\u00b7la.<\/p>\n","protected":false},"excerpt":{"rendered":"<p>Durant el 1r trimestre, des de l&#8217;\u00e0mbit ling\u00fc\u00edstic de catal\u00e0 els alumnes de l&#8217;institut Viladomat de 3r hem llegit un llibre anomenat el mussol i la forca. El&#8230;<\/p>\n","protected":false},"author":36,"featured_media":245,"comment_status":"open","ping_status":"open","sticky":false,"template":"","format":"standard","meta":{"footnotes":""},"categories":[67,64,1],"tags":[74],"_links":{"self":[{"href":"https:\/\/institutviladomat.cat\/portfoli\/15esteveescola\/wp-json\/wp\/v2\/posts\/244"}],"collection":[{"href":"https:\/\/institutviladomat.cat\/portfoli\/15esteveescola\/wp-json\/wp\/v2\/posts"}],"about":[{"href":"https:\/\/institutviladomat.cat\/portfoli\/15esteveescola\/wp-json\/wp\/v2\/types\/post"}],"author":[{"embeddable":true,"href":"https:\/\/institutviladomat.cat\/portfoli\/15esteveescola\/wp-json\/wp\/v2\/users\/36"}],"replies":[{"embeddable":true,"href":"https:\/\/institutviladomat.cat\/portfoli\/15esteveescola\/wp-json\/wp\/v2\/comments?post=244"}],"version-history":[{"count":1,"href":"https:\/\/institutviladomat.cat\/portfoli\/15esteveescola\/wp-json\/wp\/v2\/posts\/244\/revisions"}],"predecessor-version":[{"id":246,"href":"https:\/\/institutviladomat.cat\/portfoli\/15esteveescola\/wp-json\/wp\/v2\/posts\/244\/revisions\/246"}],"wp:featuredmedia":[{"embeddable":true,"href":"https:\/\/institutviladomat.cat\/portfoli\/15esteveescola\/wp-json\/wp\/v2\/media\/245"}],"wp:attachment":[{"href":"https:\/\/institutviladomat.cat\/portfoli\/15esteveescola\/wp-json\/wp\/v2\/media?parent=244"}],"wp:term":[{"taxonomy":"category","embeddable":true,"href":"https:\/\/institutviladomat.cat\/portfoli\/15esteveescola\/wp-json\/wp\/v2\/categories?post=244"},{"taxonomy":"post_tag","embeddable":true,"href":"https:\/\/institutviladomat.cat\/portfoli\/15esteveescola\/wp-json\/wp\/v2\/tags?post=244"}],"curies":[{"name":"wp","href":"https:\/\/api.w.org\/{rel}","templated":true}]}}