{"id":287,"date":"2018-01-18T21:37:44","date_gmt":"2018-01-18T21:37:44","guid":{"rendered":"http:\/\/institutviladomat.cat\/portfoli\/15esteveescola\/?p=287"},"modified":"2018-03-03T06:48:16","modified_gmt":"2018-03-03T06:48:16","slug":"resumen-del-articulo-identidad-linguistica","status":"publish","type":"post","link":"https:\/\/institutviladomat.cat\/portfoli\/15esteveescola\/2018\/01\/18\/resumen-del-articulo-identidad-linguistica\/","title":{"rendered":"Resumen del art\u00edculo Identidad ling\u00fc\u00edstica"},"content":{"rendered":"<p><span style=\"font-weight: 400\">Algunos colectivos de gente dicen que tu intelectualidad, tu opini\u00f3n pol\u00edtica, tu patria, en resumen, tus pensamientos y decisiones en general dependen de la lengua que hablas. <\/span><\/p>\n<p><span style=\"font-weight: 400\">Un ejemplo ser\u00eda considerar a \u201clas ikastolas como viveros del terrorismo\u201d como si por el solo hecho de hablar vasco se los tratara de etarras. <\/span><\/p>\n<p>&nbsp;<\/p>\n<p><span style=\"font-weight: 400\">Seg\u00fan el ling\u00fcista y profesor V\u00edctor Moreno, lo que hace la lengua en realidad es ayudarte a estructurar tus pensamientos e ideas ya que si no existiera no podr\u00edas basarte en el concepto de cualquier cosa o objeto para poder ordenarlo y darle un sentido en tu cabeza. Es por eso, que no tiene importancia la lengua que hables para poder ordenar los conceptos en tu mente y eso significa que no existen supremacias entre lenguas. A\u00fan as\u00ed, la lengua es imperfecta ya que hay ideas, pensamientos o emociones que no tienen una palabra o una definici\u00f3n para poder expresarlos. Tambi\u00e9n, el hecho de que alguien piense que lo que hace la lengua es unificar pensamientos es mentira ya que lo que hace es diversificarlos porque aunque dos personas hablen la misma lengua y se refieran al mismo concepto, los dos lo sentir\u00e1n de una forma diferente ya que cada uno lo vivir\u00e1 de manera distinta. <\/span><\/p>\n<p>&nbsp;<\/p>\n<p><span style=\"font-weight: 400\">Personalmente, creo que la frase que resumir\u00eda mejor el art\u00edculo del se\u00f1or Moreno es que la lengua no determina tu identidad. <\/span><\/p>\n","protected":false},"excerpt":{"rendered":"<p>Algunos colectivos de gente dicen que tu intelectualidad, tu opini\u00f3n pol\u00edtica, tu patria, en resumen, tus pensamientos y decisiones en general dependen de la lengua que hablas. Un&#8230;<\/p>\n","protected":false},"author":36,"featured_media":288,"comment_status":"open","ping_status":"open","sticky":false,"template":"","format":"standard","meta":{"footnotes":""},"categories":[92,64],"tags":[93,115],"_links":{"self":[{"href":"https:\/\/institutviladomat.cat\/portfoli\/15esteveescola\/wp-json\/wp\/v2\/posts\/287"}],"collection":[{"href":"https:\/\/institutviladomat.cat\/portfoli\/15esteveescola\/wp-json\/wp\/v2\/posts"}],"about":[{"href":"https:\/\/institutviladomat.cat\/portfoli\/15esteveescola\/wp-json\/wp\/v2\/types\/post"}],"author":[{"embeddable":true,"href":"https:\/\/institutviladomat.cat\/portfoli\/15esteveescola\/wp-json\/wp\/v2\/users\/36"}],"replies":[{"embeddable":true,"href":"https:\/\/institutviladomat.cat\/portfoli\/15esteveescola\/wp-json\/wp\/v2\/comments?post=287"}],"version-history":[{"count":1,"href":"https:\/\/institutviladomat.cat\/portfoli\/15esteveescola\/wp-json\/wp\/v2\/posts\/287\/revisions"}],"predecessor-version":[{"id":289,"href":"https:\/\/institutviladomat.cat\/portfoli\/15esteveescola\/wp-json\/wp\/v2\/posts\/287\/revisions\/289"}],"wp:featuredmedia":[{"embeddable":true,"href":"https:\/\/institutviladomat.cat\/portfoli\/15esteveescola\/wp-json\/wp\/v2\/media\/288"}],"wp:attachment":[{"href":"https:\/\/institutviladomat.cat\/portfoli\/15esteveescola\/wp-json\/wp\/v2\/media?parent=287"}],"wp:term":[{"taxonomy":"category","embeddable":true,"href":"https:\/\/institutviladomat.cat\/portfoli\/15esteveescola\/wp-json\/wp\/v2\/categories?post=287"},{"taxonomy":"post_tag","embeddable":true,"href":"https:\/\/institutviladomat.cat\/portfoli\/15esteveescola\/wp-json\/wp\/v2\/tags?post=287"}],"curies":[{"name":"wp","href":"https:\/\/api.w.org\/{rel}","templated":true}]}}