{"id":293,"date":"2018-01-20T18:31:56","date_gmt":"2018-01-20T18:31:56","guid":{"rendered":"http:\/\/institutviladomat.cat\/portfoli\/15esteveescola\/?p=293"},"modified":"2018-03-03T06:47:28","modified_gmt":"2018-03-03T06:47:28","slug":"eudald-vendrell-i-la-definicio-de-persona","status":"publish","type":"post","link":"https:\/\/institutviladomat.cat\/portfoli\/15esteveescola\/2018\/01\/20\/eudald-vendrell-i-la-definicio-de-persona\/","title":{"rendered":"Eudald Vendrell i la definici\u00f3 de persona"},"content":{"rendered":"<p>Ja far\u00e0 uns dies, que va venir un dels advocats m\u00e9s importants del nostre pa\u00eds anomenat Eudald Vendrell a parlar-nos sobre la definici\u00f3 jur\u00eddica de persona.<\/p>\n<p>Primer de tot, ell ens va definir que volia dir el dret i quina relaci\u00f3 tenia amb la identitat jur\u00eddica. La definici\u00f3 \u00e9s la seg\u00fcent: Les lleis s\u00f3n el conjunt de normes per assegurar el dret de les persones. \u00d2bviament tot aix\u00f2 \u00e9s una aspiraci\u00f3 i una utopia, ja que al pas dels anys aquesta definici\u00f3 no l&#8217;han respectat gaires governs. Un exemple, seria el decret de Virg\u00ednia del segle XVIII. Aquest decret, deia que tots els homes s\u00f3n iguals per la seva naturalesa i no per les seves riqueses. En canvi, durant molts anys aquesta declaraci\u00f3 d&#8217;igualtat s&#8217;ha quebrentat en molts casos com seria en l&#8217;esclavisme. Per totes aquestes desigualtats, l&#8217;any 1948 es fa la declaraci\u00f3 dels drets humans per definir el respecte que mereix tot \u00e9sser hum\u00e0 per les altres persones. Per\u00f2 el m\u00e9s important de tot, \u00e9s que tothom t\u00e9 dret a ser considerat persona. Per tant, un individu a de complir els seg\u00fcents atributs: Abans, per ser una persona des del punt de vista legal havies de viure 24 hores com a m\u00ednim, per\u00f2 aquest fet canvia el 2011 i la personalitat es passa a obtenir des del moment de n\u00e9ixer. Tamb\u00e9, est\u00e0 el fet cr\u00e9ixer i anar canviant d&#8217;edat i amb aix\u00f2 es poden definir moltes normatives respecte la difer\u00e8ncia d&#8217;anys ( si ets major d&#8217;edat, tens uns drets diferents que si ets menor). Despr\u00e9s, hi ha la filiaci\u00f3 que defineix de qui ets fill i llavors obtens els cognoms dels pares. Has de pert\u00e0nyer a un sexe, has de tenir una nacionalitat i finalment, tens dret a tenir propietats.<\/p>\n<p>Personalment, crec que va ser tot un honor poder escoltar el senyor Eudald Vendrell i que la xerrada va tenir molt inter\u00e8s.<\/p>\n","protected":false},"excerpt":{"rendered":"<p>Ja far\u00e0 uns dies, que va venir un dels advocats m\u00e9s importants del nostre pa\u00eds anomenat Eudald Vendrell a parlar-nos sobre la definici\u00f3 jur\u00eddica de persona. Primer de&#8230;<\/p>\n","protected":false},"author":36,"featured_media":294,"comment_status":"open","ping_status":"open","sticky":false,"template":"","format":"standard","meta":{"footnotes":""},"categories":[92,64],"tags":[112,95],"_links":{"self":[{"href":"https:\/\/institutviladomat.cat\/portfoli\/15esteveescola\/wp-json\/wp\/v2\/posts\/293"}],"collection":[{"href":"https:\/\/institutviladomat.cat\/portfoli\/15esteveescola\/wp-json\/wp\/v2\/posts"}],"about":[{"href":"https:\/\/institutviladomat.cat\/portfoli\/15esteveescola\/wp-json\/wp\/v2\/types\/post"}],"author":[{"embeddable":true,"href":"https:\/\/institutviladomat.cat\/portfoli\/15esteveescola\/wp-json\/wp\/v2\/users\/36"}],"replies":[{"embeddable":true,"href":"https:\/\/institutviladomat.cat\/portfoli\/15esteveescola\/wp-json\/wp\/v2\/comments?post=293"}],"version-history":[{"count":1,"href":"https:\/\/institutviladomat.cat\/portfoli\/15esteveescola\/wp-json\/wp\/v2\/posts\/293\/revisions"}],"predecessor-version":[{"id":295,"href":"https:\/\/institutviladomat.cat\/portfoli\/15esteveescola\/wp-json\/wp\/v2\/posts\/293\/revisions\/295"}],"wp:featuredmedia":[{"embeddable":true,"href":"https:\/\/institutviladomat.cat\/portfoli\/15esteveescola\/wp-json\/wp\/v2\/media\/294"}],"wp:attachment":[{"href":"https:\/\/institutviladomat.cat\/portfoli\/15esteveescola\/wp-json\/wp\/v2\/media?parent=293"}],"wp:term":[{"taxonomy":"category","embeddable":true,"href":"https:\/\/institutviladomat.cat\/portfoli\/15esteveescola\/wp-json\/wp\/v2\/categories?post=293"},{"taxonomy":"post_tag","embeddable":true,"href":"https:\/\/institutviladomat.cat\/portfoli\/15esteveescola\/wp-json\/wp\/v2\/tags?post=293"}],"curies":[{"name":"wp","href":"https:\/\/api.w.org\/{rel}","templated":true}]}}