{"id":308,"date":"2018-02-04T17:10:11","date_gmt":"2018-02-04T17:10:11","guid":{"rendered":"http:\/\/institutviladomat.cat\/portfoli\/15esteveescola\/?p=308"},"modified":"2018-03-03T06:46:15","modified_gmt":"2018-03-03T06:46:15","slug":"exposicio-sobre-el-nazisme-i-el-feixisme-a-barcelona","status":"publish","type":"post","link":"https:\/\/institutviladomat.cat\/portfoli\/15esteveescola\/2018\/02\/04\/exposicio-sobre-el-nazisme-i-el-feixisme-a-barcelona\/","title":{"rendered":"Exposici\u00f3 sobre el nazisme i el feixisme a Barcelona"},"content":{"rendered":"<div class=\"post-header\">\n<p>L&#8217;\u00faltim dia de situaci\u00f3 d&#8217;aprenentatge, els alumnes de tercer d&#8217;ESO de l&#8217;institut Viladomat, vam visitar una exposici\u00f3 situada al castell de Montju\u00efc sobre el nazisme i el feixisme a Barcelona.<\/p>\n<p>El que volia transmetre la comissaria de l&#8217;exposici\u00f3, era com va influenciar el nazisme i el feixisme a Barcelona durant la 2a Guerra Mundial. La part que em va semblar m\u00e9s sorprenent, \u00e9s el punt de contrast que hi havia entre els rics i els pobres. Un exemple seria que quan Himmler va arribar a la ciutat, el sopar de benvinguda era d&#8217;un grau de luxe exagerat mentre que en el carrer, la gent s&#8217;estava morint de gana. Tamb\u00e9 em resultar curi\u00f3s que els nazis es pensaven que a la muntanya de Montserrat es trobava el fam\u00f3s Sant Grial.<\/p>\n<p>Personalment, crec que va ser la t\u00edpica sortida productiva i cultural que sempre resulta interessant.<\/p>\n<\/div>\n","protected":false},"excerpt":{"rendered":"<p>L&#8217;\u00faltim dia de situaci\u00f3 d&#8217;aprenentatge, els alumnes de tercer d&#8217;ESO de l&#8217;institut Viladomat, vam visitar una exposici\u00f3 situada al castell de Montju\u00efc sobre el nazisme i el feixisme&#8230;<\/p>\n","protected":false},"author":36,"featured_media":309,"comment_status":"open","ping_status":"open","sticky":false,"template":"","format":"standard","meta":{"footnotes":""},"categories":[92,64],"tags":[37,98,97,114],"_links":{"self":[{"href":"https:\/\/institutviladomat.cat\/portfoli\/15esteveescola\/wp-json\/wp\/v2\/posts\/308"}],"collection":[{"href":"https:\/\/institutviladomat.cat\/portfoli\/15esteveescola\/wp-json\/wp\/v2\/posts"}],"about":[{"href":"https:\/\/institutviladomat.cat\/portfoli\/15esteveescola\/wp-json\/wp\/v2\/types\/post"}],"author":[{"embeddable":true,"href":"https:\/\/institutviladomat.cat\/portfoli\/15esteveescola\/wp-json\/wp\/v2\/users\/36"}],"replies":[{"embeddable":true,"href":"https:\/\/institutviladomat.cat\/portfoli\/15esteveescola\/wp-json\/wp\/v2\/comments?post=308"}],"version-history":[{"count":1,"href":"https:\/\/institutviladomat.cat\/portfoli\/15esteveescola\/wp-json\/wp\/v2\/posts\/308\/revisions"}],"predecessor-version":[{"id":310,"href":"https:\/\/institutviladomat.cat\/portfoli\/15esteveescola\/wp-json\/wp\/v2\/posts\/308\/revisions\/310"}],"wp:featuredmedia":[{"embeddable":true,"href":"https:\/\/institutviladomat.cat\/portfoli\/15esteveescola\/wp-json\/wp\/v2\/media\/309"}],"wp:attachment":[{"href":"https:\/\/institutviladomat.cat\/portfoli\/15esteveescola\/wp-json\/wp\/v2\/media?parent=308"}],"wp:term":[{"taxonomy":"category","embeddable":true,"href":"https:\/\/institutviladomat.cat\/portfoli\/15esteveescola\/wp-json\/wp\/v2\/categories?post=308"},{"taxonomy":"post_tag","embeddable":true,"href":"https:\/\/institutviladomat.cat\/portfoli\/15esteveescola\/wp-json\/wp\/v2\/tags?post=308"}],"curies":[{"name":"wp","href":"https:\/\/api.w.org\/{rel}","templated":true}]}}