{"id":380,"date":"2018-03-23T21:40:43","date_gmt":"2018-03-23T21:40:43","guid":{"rendered":"http:\/\/institutviladomat.cat\/portfoli\/15esteveescola\/?p=380"},"modified":"2018-03-23T21:40:43","modified_gmt":"2018-03-23T21:40:43","slug":"dia-8-de-marc","status":"publish","type":"post","link":"https:\/\/institutviladomat.cat\/portfoli\/15esteveescola\/2018\/03\/23\/dia-8-de-marc\/","title":{"rendered":"Dia 8 de mar\u00e7"},"content":{"rendered":"<p>El passat dijous 8 de mar\u00e7, es va celebrar el dia internacional de la dona treballadora. Com que els meus amics i jo estem completament a favor de reivindicar aquests drets, vam contribuir a aquest factor mirant la famosa pel\u00b7l\u00edcula sufragistes.<\/p>\n<p>El film tracta sobre les protestants que van iniciar el moviment feminista encara que les seves reivindicacions no servien per res respecte a el govern de l&#8217;\u00e8poca. Llavors es van radicalitzar i, en la seva incansable lluita per aconseguir la igualtat, es van arriscar a perdre-ho tot: el seu treball, la seva casa, els seus fills i la seva vida.<\/p>\n<p>La vaga se celebra aquest dia pels seg\u00fcents fets:<\/p>\n<p>\u00c9s el dia 8 de mar\u00e7 la data a l&#8217;incendi ocorregut el 1908 a la f\u00e0brica Cotton Textile Factory de Washington. All\u00e0 un grup de treballadores va declarar una vaga en protesta per les condicions de treball que vivien.<\/p>\n<p>Personalment, opino que va ser un dia en el qual cadasc\u00fa podia reclamar la llibertat d&#8217;expressi\u00f3 respecte a aquest tema. Per tant, em va semblar una jornada de vaga interessant.<\/p>\n<p>&nbsp;<\/p>\n","protected":false},"excerpt":{"rendered":"<p>El passat dijous 8 de mar\u00e7, es va celebrar el dia internacional de la dona treballadora. Com que els meus amics i jo estem completament a favor de&#8230;<\/p>\n","protected":false},"author":36,"featured_media":130,"comment_status":"open","ping_status":"open","sticky":false,"template":"","format":"standard","meta":{"footnotes":""},"categories":[107,64],"tags":[121,48],"_links":{"self":[{"href":"https:\/\/institutviladomat.cat\/portfoli\/15esteveescola\/wp-json\/wp\/v2\/posts\/380"}],"collection":[{"href":"https:\/\/institutviladomat.cat\/portfoli\/15esteveescola\/wp-json\/wp\/v2\/posts"}],"about":[{"href":"https:\/\/institutviladomat.cat\/portfoli\/15esteveescola\/wp-json\/wp\/v2\/types\/post"}],"author":[{"embeddable":true,"href":"https:\/\/institutviladomat.cat\/portfoli\/15esteveescola\/wp-json\/wp\/v2\/users\/36"}],"replies":[{"embeddable":true,"href":"https:\/\/institutviladomat.cat\/portfoli\/15esteveescola\/wp-json\/wp\/v2\/comments?post=380"}],"version-history":[{"count":3,"href":"https:\/\/institutviladomat.cat\/portfoli\/15esteveescola\/wp-json\/wp\/v2\/posts\/380\/revisions"}],"predecessor-version":[{"id":391,"href":"https:\/\/institutviladomat.cat\/portfoli\/15esteveescola\/wp-json\/wp\/v2\/posts\/380\/revisions\/391"}],"wp:featuredmedia":[{"embeddable":true,"href":"https:\/\/institutviladomat.cat\/portfoli\/15esteveescola\/wp-json\/wp\/v2\/media\/130"}],"wp:attachment":[{"href":"https:\/\/institutviladomat.cat\/portfoli\/15esteveescola\/wp-json\/wp\/v2\/media?parent=380"}],"wp:term":[{"taxonomy":"category","embeddable":true,"href":"https:\/\/institutviladomat.cat\/portfoli\/15esteveescola\/wp-json\/wp\/v2\/categories?post=380"},{"taxonomy":"post_tag","embeddable":true,"href":"https:\/\/institutviladomat.cat\/portfoli\/15esteveescola\/wp-json\/wp\/v2\/tags?post=380"}],"curies":[{"name":"wp","href":"https:\/\/api.w.org\/{rel}","templated":true}]}}