{"id":421,"date":"2018-04-24T09:31:11","date_gmt":"2018-04-24T09:31:11","guid":{"rendered":"http:\/\/institutviladomat.cat\/portfoli\/15esteveescola\/?p=421"},"modified":"2018-04-24T09:31:11","modified_gmt":"2018-04-24T09:31:11","slug":"la-meva-primera-composicio","status":"publish","type":"post","link":"https:\/\/institutviladomat.cat\/portfoli\/15esteveescola\/2018\/04\/24\/la-meva-primera-composicio\/","title":{"rendered":"La meva primera composici\u00f3"},"content":{"rendered":"<p>Durant aquesta situaci\u00f3, dins de l&#8217;\u00e0mbit de m\u00fasica hem fet una petita melodia que posteriorment s&#8217;havia de converitr en un rond\u00f3 juntant totes les melodies de la classe.<\/p>\n<p>Per qui no ho s\u00e0piga, un rond\u00f3 \u00e9s un tema que es va repetint i que entre repetici\u00f3 sonen altres temes completament diferents que s\u00f3n com un contrast pel que es repeteix. Per tant, entre tota la classe hav\u00edem de triar una composici\u00f3 mel\u00f2dica i que aquesta es convert\u00eds en el tema que es repeteix.<\/p>\n<p>Aqu\u00ed, podeu observar i escoltar la meva melodia:<\/p>\n<!--[if lt IE 9]><script>document.createElement('audio');<\/script><![endif]-->\n<audio class=\"wp-audio-shortcode\" id=\"audio-421-1\" preload=\"none\" style=\"width: 100%;\" controls=\"controls\"><source type=\"audio\/mpeg\" src=\"http:\/\/institutviladomat.cat\/portfoli\/15esteveescola\/wp-content\/uploads\/sites\/34\/2018\/04\/ROND\u00d3.mp3?_=1\" \/><a href=\"http:\/\/institutviladomat.cat\/portfoli\/15esteveescola\/wp-content\/uploads\/sites\/34\/2018\/04\/ROND\u00d3.mp3\">http:\/\/institutviladomat.cat\/portfoli\/15esteveescola\/wp-content\/uploads\/sites\/34\/2018\/04\/ROND\u00d3.mp3<\/a><\/audio>\n<p><a href=\"http:\/\/institutviladomat.cat\/portfoli\/15esteveescola\/wp-content\/uploads\/sites\/34\/2018\/04\/ROND\u00d3.pdf\">ROND\u00d3.pdf<\/a><\/p>\n<p><!--more--><\/p>\n","protected":false},"excerpt":{"rendered":"<p>Durant aquesta situaci\u00f3, dins de l&#8217;\u00e0mbit de m\u00fasica hem fet una petita melodia que posteriorment s&#8217;havia de converitr en un rond\u00f3 juntant totes les melodies de la classe&#8230;.<\/p>\n","protected":false},"author":36,"featured_media":424,"comment_status":"open","ping_status":"open","sticky":false,"template":"","format":"standard","meta":{"footnotes":""},"categories":[123,64],"tags":[126],"_links":{"self":[{"href":"https:\/\/institutviladomat.cat\/portfoli\/15esteveescola\/wp-json\/wp\/v2\/posts\/421"}],"collection":[{"href":"https:\/\/institutviladomat.cat\/portfoli\/15esteveescola\/wp-json\/wp\/v2\/posts"}],"about":[{"href":"https:\/\/institutviladomat.cat\/portfoli\/15esteveescola\/wp-json\/wp\/v2\/types\/post"}],"author":[{"embeddable":true,"href":"https:\/\/institutviladomat.cat\/portfoli\/15esteveescola\/wp-json\/wp\/v2\/users\/36"}],"replies":[{"embeddable":true,"href":"https:\/\/institutviladomat.cat\/portfoli\/15esteveescola\/wp-json\/wp\/v2\/comments?post=421"}],"version-history":[{"count":1,"href":"https:\/\/institutviladomat.cat\/portfoli\/15esteveescola\/wp-json\/wp\/v2\/posts\/421\/revisions"}],"predecessor-version":[{"id":425,"href":"https:\/\/institutviladomat.cat\/portfoli\/15esteveescola\/wp-json\/wp\/v2\/posts\/421\/revisions\/425"}],"wp:featuredmedia":[{"embeddable":true,"href":"https:\/\/institutviladomat.cat\/portfoli\/15esteveescola\/wp-json\/wp\/v2\/media\/424"}],"wp:attachment":[{"href":"https:\/\/institutviladomat.cat\/portfoli\/15esteveescola\/wp-json\/wp\/v2\/media?parent=421"}],"wp:term":[{"taxonomy":"category","embeddable":true,"href":"https:\/\/institutviladomat.cat\/portfoli\/15esteveescola\/wp-json\/wp\/v2\/categories?post=421"},{"taxonomy":"post_tag","embeddable":true,"href":"https:\/\/institutviladomat.cat\/portfoli\/15esteveescola\/wp-json\/wp\/v2\/tags?post=421"}],"curies":[{"name":"wp","href":"https:\/\/api.w.org\/{rel}","templated":true}]}}