{"id":471,"date":"2018-05-27T15:26:56","date_gmt":"2018-05-27T15:26:56","guid":{"rendered":"http:\/\/institutviladomat.cat\/portfoli\/15esteveescola\/?p=471"},"modified":"2018-05-28T07:03:54","modified_gmt":"2018-05-28T07:03:54","slug":"carta-a-un-infant-durant-la-revolucio-industrial","status":"publish","type":"post","link":"https:\/\/institutviladomat.cat\/portfoli\/15esteveescola\/2018\/05\/27\/carta-a-un-infant-durant-la-revolucio-industrial\/","title":{"rendered":"Carta a un infant durant la Revoluci\u00f3 Industrial"},"content":{"rendered":"<p>Benvolgut,<\/p>\n<p>A l&#8217;Anglaterra de mitjans del segle XIX en la que tu vius actualment treballa m\u00e9s d&#8217;un ter\u00e7 de la poblaci\u00f3 menor de 15 anys. Com que entres dins d&#8217;aquesta probabilitat t&#8217;he volgut escriure aquesta carta perqu\u00e8 s\u00e0pigues quines difer\u00e8ncies hi ha entre la teva vida i la meva.<br \/>\nPrimer de tot, s\u00f3c conscient que treballes entre 14 i 16 hores di\u00e0ries i que pr\u00e0cticament est\u00e0s esclavitzat pel teu cap. Encara que et sembli dif\u00edcil de creure, la teva jornada laboral \u00e9s completament diferent de la meva. De fet, gr\u00e0cies a que durant la teva \u00e8poca es va iniciar un fet anomenat consci\u00e8ncia de classe en el qual els treballadors prenien consci\u00e8ncia de l&#8217;explotaci\u00f3 en qu\u00e8 estaven sotmesos gr\u00e0cies, entre altres coses, al manifest comunista de Karl Marx i Engels. Per tot aix\u00f2 i per declaracions dels drets humans i altres organitzacions com l&#8217;OMS es va posar un m\u00ednim d&#8217;hores laborals, vuit, i es va aconseguir erradicar el treball infantil i l&#8217;escola es va tornar obligat\u00f2ria i l&#8217;\u00edndex alfabetitzaci\u00f3 va augmentar considerablement, ja que vosaltres quasi mai hav\u00edeu anat a l&#8217;escola. Llavors, en aquestes 16 hores en qu\u00e8 tu treballes jo en tinc 10 de temps lliure i 6 en que vaig a l&#8217;institut. Desgraciadament, no en tots els pa\u00efsos es d\u00f3na la meva afortunada situaci\u00f3. En alguns llocs com a Mali l&#8217;alfabetitzaci\u00f3 \u00e9s quasi inexistent i a la Xina o a l&#8217;\u00cdndia, per posar un exemple, el treball infantil encara \u00e9s present. Per tant, la meva situaci\u00f3 no \u00e9s universal. A m\u00e9s, tamb\u00e9 suposo que la teva vestimenta deu ser molt m\u00e9s prec\u00e0ria i menys higi\u00e8nica. Per una banda, el fet de no tenir cal\u00e7at fa que et puguis contagiar amb m\u00e9s facilitat i que no et puguis rentar la roba amb abund\u00e0ncia i que sempre vagis desgraciadament brut tamb\u00e9 ajuda al fet del contagi de malalties.<br \/>\nEn resum, una de les \u00faniques similituds que hi ha entre tu i jo \u00e9s la de l&#8217;edat i per aix\u00f2 espero que la teva situaci\u00f3 millori com m\u00e9s aviat millor.<\/p>\n<p>Cordialment,<\/p>\n<p>Esteve Escol\u00e0<\/p>\n<p>&nbsp;<\/p>\n<p>Fotografia de Lewis Hine<\/p>\n","protected":false},"excerpt":{"rendered":"<p>Benvolgut, A l&#8217;Anglaterra de mitjans del segle XIX en la que tu vius actualment treballa m\u00e9s d&#8217;un ter\u00e7 de la poblaci\u00f3 menor de 15 anys. Com que entres&#8230;<\/p>\n","protected":false},"author":36,"featured_media":472,"comment_status":"open","ping_status":"open","sticky":false,"template":"","format":"standard","meta":{"footnotes":""},"categories":[127],"tags":[117],"_links":{"self":[{"href":"https:\/\/institutviladomat.cat\/portfoli\/15esteveescola\/wp-json\/wp\/v2\/posts\/471"}],"collection":[{"href":"https:\/\/institutviladomat.cat\/portfoli\/15esteveescola\/wp-json\/wp\/v2\/posts"}],"about":[{"href":"https:\/\/institutviladomat.cat\/portfoli\/15esteveescola\/wp-json\/wp\/v2\/types\/post"}],"author":[{"embeddable":true,"href":"https:\/\/institutviladomat.cat\/portfoli\/15esteveescola\/wp-json\/wp\/v2\/users\/36"}],"replies":[{"embeddable":true,"href":"https:\/\/institutviladomat.cat\/portfoli\/15esteveescola\/wp-json\/wp\/v2\/comments?post=471"}],"version-history":[{"count":3,"href":"https:\/\/institutviladomat.cat\/portfoli\/15esteveescola\/wp-json\/wp\/v2\/posts\/471\/revisions"}],"predecessor-version":[{"id":475,"href":"https:\/\/institutviladomat.cat\/portfoli\/15esteveescola\/wp-json\/wp\/v2\/posts\/471\/revisions\/475"}],"wp:featuredmedia":[{"embeddable":true,"href":"https:\/\/institutviladomat.cat\/portfoli\/15esteveescola\/wp-json\/wp\/v2\/media\/472"}],"wp:attachment":[{"href":"https:\/\/institutviladomat.cat\/portfoli\/15esteveescola\/wp-json\/wp\/v2\/media?parent=471"}],"wp:term":[{"taxonomy":"category","embeddable":true,"href":"https:\/\/institutviladomat.cat\/portfoli\/15esteveescola\/wp-json\/wp\/v2\/categories?post=471"},{"taxonomy":"post_tag","embeddable":true,"href":"https:\/\/institutviladomat.cat\/portfoli\/15esteveescola\/wp-json\/wp\/v2\/tags?post=471"}],"curies":[{"name":"wp","href":"https:\/\/api.w.org\/{rel}","templated":true}]}}