{"id":476,"date":"2018-06-07T15:43:53","date_gmt":"2018-06-07T15:43:53","guid":{"rendered":"http:\/\/institutviladomat.cat\/portfoli\/15esteveescola\/?p=476"},"modified":"2018-06-07T15:43:53","modified_gmt":"2018-06-07T15:43:53","slug":"daniel-cassany-i-la-vida-virtual","status":"publish","type":"post","link":"https:\/\/institutviladomat.cat\/portfoli\/15esteveescola\/2018\/06\/07\/daniel-cassany-i-la-vida-virtual\/","title":{"rendered":"Daniel Cassany i la vida virtual"},"content":{"rendered":"<p>Avui, dia 28 de maig( de fet avui \u00e9s 7 de juny per\u00f2 no passa res) ha vingut un prestigi\u00f3s professor de la universitat Pompeu Fabra anomenat Daniel Cassany a parlar-nos sobre un tema que est\u00e0 molt vigent a les nostres vides di\u00e0ries. Com no, aquest tema \u00e9s l&#8217;\u00fas del m\u00f3n virtual (relaci\u00f3 amb la situaci\u00f3).<\/p>\n<p>Primer de tot, ens ha parlat de diferents tipus de friquismes relacionats amb les xarxes socials com els Gamers o els Otakus. M\u00e9s tard, ens ha comentat que els usuaris d&#8217;internet es divideixen entre residents i visitants. Els residents s\u00f3n els que fan mitja vida a internet i els visitants els que el consulten de tant en tant. Finalment, ens va informar sobre que normalment els visitants eren els que havien viscut el naixement d&#8217;internet i a la inversa.<\/p>\n<p>Personalment, opino que va ser una xerrada prou apropiada per introduir la situaci\u00f3 d&#8217;aprenentatge. A m\u00e9s ens va poder quedar clar que les xarxes socials s\u00f3n un reflex virtual de la vida.<\/p>\n","protected":false},"excerpt":{"rendered":"<p>Avui, dia 28 de maig( de fet avui \u00e9s 7 de juny per\u00f2 no passa res) ha vingut un prestigi\u00f3s professor de la universitat Pompeu Fabra anomenat Daniel&#8230;<\/p>\n","protected":false},"author":36,"featured_media":503,"comment_status":"open","ping_status":"open","sticky":false,"template":"","format":"standard","meta":{"footnotes":""},"categories":[132],"tags":[122],"_links":{"self":[{"href":"https:\/\/institutviladomat.cat\/portfoli\/15esteveescola\/wp-json\/wp\/v2\/posts\/476"}],"collection":[{"href":"https:\/\/institutviladomat.cat\/portfoli\/15esteveescola\/wp-json\/wp\/v2\/posts"}],"about":[{"href":"https:\/\/institutviladomat.cat\/portfoli\/15esteveescola\/wp-json\/wp\/v2\/types\/post"}],"author":[{"embeddable":true,"href":"https:\/\/institutviladomat.cat\/portfoli\/15esteveescola\/wp-json\/wp\/v2\/users\/36"}],"replies":[{"embeddable":true,"href":"https:\/\/institutviladomat.cat\/portfoli\/15esteveescola\/wp-json\/wp\/v2\/comments?post=476"}],"version-history":[{"count":1,"href":"https:\/\/institutviladomat.cat\/portfoli\/15esteveescola\/wp-json\/wp\/v2\/posts\/476\/revisions"}],"predecessor-version":[{"id":504,"href":"https:\/\/institutviladomat.cat\/portfoli\/15esteveescola\/wp-json\/wp\/v2\/posts\/476\/revisions\/504"}],"wp:featuredmedia":[{"embeddable":true,"href":"https:\/\/institutviladomat.cat\/portfoli\/15esteveescola\/wp-json\/wp\/v2\/media\/503"}],"wp:attachment":[{"href":"https:\/\/institutviladomat.cat\/portfoli\/15esteveescola\/wp-json\/wp\/v2\/media?parent=476"}],"wp:term":[{"taxonomy":"category","embeddable":true,"href":"https:\/\/institutviladomat.cat\/portfoli\/15esteveescola\/wp-json\/wp\/v2\/categories?post=476"},{"taxonomy":"post_tag","embeddable":true,"href":"https:\/\/institutviladomat.cat\/portfoli\/15esteveescola\/wp-json\/wp\/v2\/tags?post=476"}],"curies":[{"name":"wp","href":"https:\/\/api.w.org\/{rel}","templated":true}]}}