{"id":497,"date":"2018-06-07T15:19:56","date_gmt":"2018-06-07T15:19:56","guid":{"rendered":"http:\/\/institutviladomat.cat\/portfoli\/15esteveescola\/?p=497"},"modified":"2018-06-07T15:19:56","modified_gmt":"2018-06-07T15:19:56","slug":"tots-som-iguals-tots-som-diferents","status":"publish","type":"post","link":"https:\/\/institutviladomat.cat\/portfoli\/15esteveescola\/2018\/06\/07\/tots-som-iguals-tots-som-diferents\/","title":{"rendered":"Tots som iguals, Tots som diferents"},"content":{"rendered":"<p>Durant aquesta situaci\u00f3 d&#8217;aprenentatge, van venir unes estudiants de la facultat a l&#8217;institut Viladomat de Barcelona i de l&#8217;Esquerra de l&#8217;Eixample a parlar-nos sobre la diversitat per\u00f2 des del punt de vista biol\u00f2gic.<\/p>\n<p>Per fer aquest procediment, ho van relacionar tot amb el fam\u00f3s \u00e0cid desoxiribonucleic (l&#8217;ADN). Per qui no ho s\u00e0piga, l&#8217;ADN \u00e9s un \u00e0cid situat a l&#8217;interior del nucli de les c\u00e8l\u00b7lules que cont\u00e9 i transmet la informaci\u00f3 gen\u00e8tica dels \u00e9ssers vius d&#8217;una generaci\u00f3 a la seg\u00fcent. Per tant, en teoria jo hauria de tenir al meu ADN la informaci\u00f3 que descriu la meva nacionalitat per\u00f2 m\u00e9s tard, vam descobrir que aix\u00f2 \u00e9s mentida perqu\u00e8 cada \u00e9sser hum\u00e0 t\u00e9 en la seva gen\u00e8tica que tothom prov\u00e9 de tot arreu. Tamb\u00e9 ens explicaven que el color de la teva pell \u00e9s un marcador de la melanina que t\u00e9 el teu cos. Si ets m\u00e9s fosc, tens m\u00e9s melanina que et protegeix del sol i si ets m\u00e9s clar, en tens menys.<\/p>\n<p>En conclusi\u00f3, opino que va ser una xerrada prou interessant i una manera diferent, sense basar-se en els estereotips, d&#8217;explicar la diversitat en el nostre insignificant planeta Terra.<\/p>\n","protected":false},"excerpt":{"rendered":"<p>Durant aquesta situaci\u00f3 d&#8217;aprenentatge, van venir unes estudiants de la facultat a l&#8217;institut Viladomat de Barcelona i de l&#8217;Esquerra de l&#8217;Eixample a parlar-nos sobre la diversitat per\u00f2 des&#8230;<\/p>\n","protected":false},"author":36,"featured_media":498,"comment_status":"open","ping_status":"open","sticky":false,"template":"","format":"standard","meta":{"footnotes":""},"categories":[127],"tags":[122],"_links":{"self":[{"href":"https:\/\/institutviladomat.cat\/portfoli\/15esteveescola\/wp-json\/wp\/v2\/posts\/497"}],"collection":[{"href":"https:\/\/institutviladomat.cat\/portfoli\/15esteveescola\/wp-json\/wp\/v2\/posts"}],"about":[{"href":"https:\/\/institutviladomat.cat\/portfoli\/15esteveescola\/wp-json\/wp\/v2\/types\/post"}],"author":[{"embeddable":true,"href":"https:\/\/institutviladomat.cat\/portfoli\/15esteveescola\/wp-json\/wp\/v2\/users\/36"}],"replies":[{"embeddable":true,"href":"https:\/\/institutviladomat.cat\/portfoli\/15esteveescola\/wp-json\/wp\/v2\/comments?post=497"}],"version-history":[{"count":1,"href":"https:\/\/institutviladomat.cat\/portfoli\/15esteveescola\/wp-json\/wp\/v2\/posts\/497\/revisions"}],"predecessor-version":[{"id":499,"href":"https:\/\/institutviladomat.cat\/portfoli\/15esteveescola\/wp-json\/wp\/v2\/posts\/497\/revisions\/499"}],"wp:featuredmedia":[{"embeddable":true,"href":"https:\/\/institutviladomat.cat\/portfoli\/15esteveescola\/wp-json\/wp\/v2\/media\/498"}],"wp:attachment":[{"href":"https:\/\/institutviladomat.cat\/portfoli\/15esteveescola\/wp-json\/wp\/v2\/media?parent=497"}],"wp:term":[{"taxonomy":"category","embeddable":true,"href":"https:\/\/institutviladomat.cat\/portfoli\/15esteveescola\/wp-json\/wp\/v2\/categories?post=497"},{"taxonomy":"post_tag","embeddable":true,"href":"https:\/\/institutviladomat.cat\/portfoli\/15esteveescola\/wp-json\/wp\/v2\/tags?post=497"}],"curies":[{"name":"wp","href":"https:\/\/api.w.org\/{rel}","templated":true}]}}