{"id":586,"date":"2018-10-19T09:00:29","date_gmt":"2018-10-19T09:00:29","guid":{"rendered":"http:\/\/institutviladomat.cat\/portfoli\/15esteveescola\/?p=586"},"modified":"2018-10-19T09:00:29","modified_gmt":"2018-10-19T09:00:29","slug":"die-welle","status":"publish","type":"post","link":"https:\/\/institutviladomat.cat\/portfoli\/15esteveescola\/2018\/10\/19\/die-welle\/","title":{"rendered":"Die Welle"},"content":{"rendered":"<p>La Ola (la pel\u00b7l\u00edcula que hem vist avui) \u00e9s un film que parla sobre una autocr\u00e0cia comen\u00e7ada a partir de l&#8217;explicaci\u00f3 d&#8217;un professor als seus alumnes. Aquesta autocr\u00e0cia l&#8217;anomenen Die Welle i la gent comen\u00e7a a transformar-se a partir d&#8217;aquest fet. Personalment, opino que la pel\u00b7l\u00edcula \u00e9s molt interessant perqu\u00e8 parla d&#8217;una situaci\u00f3 que podria passar perfectament. Amb el personatge que m\u00e9s m&#8217;identifico \u00e9s amb el professor perqu\u00e8 intenta construir una bona experi\u00e8ncia que li surt malament, ja que el comportament dels alumnes \u00e9s indirectament feixista a causa de l&#8217;entorn. Potser, si el professor hagu\u00e9s dut a terme el seu experiment social d&#8217;una forma diferent, no hauria passat el que acaba passant. Per aix\u00f2, abans de fer un experiment, has de tenir clar les variables en les quals es pot desenvolupar.<\/p>\n","protected":false},"excerpt":{"rendered":"<p>La Ola (la pel\u00b7l\u00edcula que hem vist avui) \u00e9s un film que parla sobre una autocr\u00e0cia comen\u00e7ada a partir de l&#8217;explicaci\u00f3 d&#8217;un professor als seus alumnes. Aquesta autocr\u00e0cia&#8230;<\/p>\n","protected":false},"author":36,"featured_media":587,"comment_status":"open","ping_status":"open","sticky":false,"template":"","format":"standard","meta":{"footnotes":""},"categories":[137,134],"tags":[109],"_links":{"self":[{"href":"https:\/\/institutviladomat.cat\/portfoli\/15esteveescola\/wp-json\/wp\/v2\/posts\/586"}],"collection":[{"href":"https:\/\/institutviladomat.cat\/portfoli\/15esteveescola\/wp-json\/wp\/v2\/posts"}],"about":[{"href":"https:\/\/institutviladomat.cat\/portfoli\/15esteveescola\/wp-json\/wp\/v2\/types\/post"}],"author":[{"embeddable":true,"href":"https:\/\/institutviladomat.cat\/portfoli\/15esteveescola\/wp-json\/wp\/v2\/users\/36"}],"replies":[{"embeddable":true,"href":"https:\/\/institutviladomat.cat\/portfoli\/15esteveescola\/wp-json\/wp\/v2\/comments?post=586"}],"version-history":[{"count":1,"href":"https:\/\/institutviladomat.cat\/portfoli\/15esteveescola\/wp-json\/wp\/v2\/posts\/586\/revisions"}],"predecessor-version":[{"id":588,"href":"https:\/\/institutviladomat.cat\/portfoli\/15esteveescola\/wp-json\/wp\/v2\/posts\/586\/revisions\/588"}],"wp:featuredmedia":[{"embeddable":true,"href":"https:\/\/institutviladomat.cat\/portfoli\/15esteveescola\/wp-json\/wp\/v2\/media\/587"}],"wp:attachment":[{"href":"https:\/\/institutviladomat.cat\/portfoli\/15esteveescola\/wp-json\/wp\/v2\/media?parent=586"}],"wp:term":[{"taxonomy":"category","embeddable":true,"href":"https:\/\/institutviladomat.cat\/portfoli\/15esteveescola\/wp-json\/wp\/v2\/categories?post=586"},{"taxonomy":"post_tag","embeddable":true,"href":"https:\/\/institutviladomat.cat\/portfoli\/15esteveescola\/wp-json\/wp\/v2\/tags?post=586"}],"curies":[{"name":"wp","href":"https:\/\/api.w.org\/{rel}","templated":true}]}}