{"id":618,"date":"2019-03-03T10:00:19","date_gmt":"2019-03-03T10:00:19","guid":{"rendered":"http:\/\/institutviladomat.cat\/portfoli\/15esteveescola\/?p=618"},"modified":"2019-03-03T10:00:19","modified_gmt":"2019-03-03T10:00:19","slug":"dia-de-la-pau","status":"publish","type":"post","link":"https:\/\/institutviladomat.cat\/portfoli\/15esteveescola\/2019\/03\/03\/dia-de-la-pau\/","title":{"rendered":"Dia de la Pau"},"content":{"rendered":"\n<p>Ja far\u00e0 un temps que no diposito una entrada en el meu dossier d&#8217;aprenentatge a causa del temps que m&#8217;han comportat altres preocupacions i necessitats externes. Per tant, avui que tinc una petita estona, la puc dedicar a reproduir algunes entrades pendents. Per comen\u00e7ar, parlar\u00e9 una mica sobre l&#8217;activitat que vam fer al reconegut dia de la Pau.<\/p>\n\n\n\n<p>El fet \u00e9s que cada grup de la classe, i tamb\u00e9 del curs, va crear una breu (molt breu) presentaci\u00f3 sobre un dels drets humans i explicava en quins  casos no es respectava cada situaci\u00f3. <\/p>\n\n\n\n<p>Nosaltres vam fer l&#8217;article 4 que diu el seg\u00fcent:<\/p>\n\n\n\n<p>Ning\u00fa no ser\u00e0 sotm\u00e8s a esclavitud o servitud: I&#8217;esclavitud i el tr\u00e0fic d&#8217;esclaus s\u00f3n prohibits en totes llurs formes.<\/p>\n\n\n\n<p>Com sabreu, l&#8217;esclavitud \u00e9s encara vigent en molts pa\u00efsos que no hi ha hagut cap conscienciaci\u00f3 sobre els drets primordials de les persones i per tant, gran part de la poblaci\u00f3 viu explotada en condicions molt prec\u00e0ries. <\/p>\n\n\n\n<p>Aqu\u00ed podeu observar la nostra <a href=\"https:\/\/docs.google.com\/presentation\/d\/1Nq8EDdxZ56gB75d-LOP4zExpmizVhotCAEX-TiosE0I\/edit?usp=sharing\">presentaci\u00f3<\/a><\/p>\n","protected":false},"excerpt":{"rendered":"<p>Ja far\u00e0 un temps que no diposito una entrada en el meu dossier d&#8217;aprenentatge a causa del temps que m&#8217;han comportat altres preocupacions i necessitats externes. Per tant,&#8230;<\/p>\n","protected":false},"author":36,"featured_media":619,"comment_status":"open","ping_status":"open","sticky":false,"template":"","format":"standard","meta":{"footnotes":""},"categories":[140],"tags":[141],"_links":{"self":[{"href":"https:\/\/institutviladomat.cat\/portfoli\/15esteveescola\/wp-json\/wp\/v2\/posts\/618"}],"collection":[{"href":"https:\/\/institutviladomat.cat\/portfoli\/15esteveescola\/wp-json\/wp\/v2\/posts"}],"about":[{"href":"https:\/\/institutviladomat.cat\/portfoli\/15esteveescola\/wp-json\/wp\/v2\/types\/post"}],"author":[{"embeddable":true,"href":"https:\/\/institutviladomat.cat\/portfoli\/15esteveescola\/wp-json\/wp\/v2\/users\/36"}],"replies":[{"embeddable":true,"href":"https:\/\/institutviladomat.cat\/portfoli\/15esteveescola\/wp-json\/wp\/v2\/comments?post=618"}],"version-history":[{"count":1,"href":"https:\/\/institutviladomat.cat\/portfoli\/15esteveescola\/wp-json\/wp\/v2\/posts\/618\/revisions"}],"predecessor-version":[{"id":620,"href":"https:\/\/institutviladomat.cat\/portfoli\/15esteveescola\/wp-json\/wp\/v2\/posts\/618\/revisions\/620"}],"wp:featuredmedia":[{"embeddable":true,"href":"https:\/\/institutviladomat.cat\/portfoli\/15esteveescola\/wp-json\/wp\/v2\/media\/619"}],"wp:attachment":[{"href":"https:\/\/institutviladomat.cat\/portfoli\/15esteveescola\/wp-json\/wp\/v2\/media?parent=618"}],"wp:term":[{"taxonomy":"category","embeddable":true,"href":"https:\/\/institutviladomat.cat\/portfoli\/15esteveescola\/wp-json\/wp\/v2\/categories?post=618"},{"taxonomy":"post_tag","embeddable":true,"href":"https:\/\/institutviladomat.cat\/portfoli\/15esteveescola\/wp-json\/wp\/v2\/tags?post=618"}],"curies":[{"name":"wp","href":"https:\/\/api.w.org\/{rel}","templated":true}]}}