{"id":69,"date":"2016-11-25T11:11:40","date_gmt":"2016-11-25T11:11:40","guid":{"rendered":"http:\/\/institutviladomat.cat\/portfoli\/15esteveescola\/?p=69"},"modified":"2017-03-17T13:34:03","modified_gmt":"2017-03-17T13:34:03","slug":"el-magazine-escabros","status":"publish","type":"post","link":"https:\/\/institutviladomat.cat\/portfoli\/15esteveescola\/2016\/11\/25\/el-magazine-escabros\/","title":{"rendered":"El Magazine Escabr\u00f3s"},"content":{"rendered":"<p>Al final de la SA Radio, hem fet un magazine on el nostre grup ha parlat sobre un tema molt escabr\u00f3s: Els interrogatoris de tribunal de la inquisici\u00f3.<\/p>\n<p>L&#8217;experiencia ha sigut bastant tenebrosa. Per una part, no et podies equivocar perqu\u00e8 sin\u00f3 sortia malament i per l&#8217;altre hi havia parts del tema que quan les llegiem ens provocaven una mica de f\u00e0stig i podriem dir que no eren molt agradables.<\/p>\n<p>Aqu\u00ed, podreu llegir una serie de tortures que hem comentat en el nostre magazine:<\/p>\n<p><strong>La caixa de rates:<\/strong><br \/>\nEs lligava de peus i mans a la v\u00edctima i se li col\u00b7locava una caixa damunt la panxa.[inspira] Dins, hi havia, tres rates. Es col\u00b7locava foc dins la caixa i les rates comen\u00e7aven a rascar i a mossegar la panxa, per poder escapar de les flames. Aix\u00f2, provocava la mort de la v\u00edctima, per culpa de, les rates que li foradaven la pell de la panxa.<br \/>\n<strong>Flagelaci\u00f3:<\/strong><br \/>\nEs despullava de la cintura cap avall, deixant els genitals al descobert. Una vegada fet aix\u00f2, pegaven a la persona a la zona descoberta fins, que confessava, o fins que acabava perdent el sentit.<br \/>\n<strong>El destrossa caps: <\/strong><br \/>\nUn utensili en el qual introdu\u00efen el cap, mitjan\u00e7ant un rodament en el qual estrenyien el cap per a dalt , mentre que per a baix, estava el topall amb la barbeta. Les dents esclataven o s&#8217;anaven clavant en els ossos de la mand\u00edbula i els ulls es sortien de les seves conques a causa de la pressi\u00f3.<br \/>\n<strong>Els carbons:<\/strong><\/p>\n<p>Per a aquesta tortura, s&#8217;utilitzaven carbons calents, i eren aplicats a les zones m\u00e9s sensibles del cos. Els carbons eren aplicats mentre es trobaven a una temperatura de, 300 graus.<\/p>\n<p>&nbsp;<\/p>\n","protected":false},"excerpt":{"rendered":"<p>Al final de la SA Radio, hem fet un magazine on el nostre grup ha parlat sobre un tema molt escabr\u00f3s: Els interrogatoris de tribunal de la inquisici\u00f3&#8230;.<\/p>\n","protected":false},"author":36,"featured_media":148,"comment_status":"open","ping_status":"open","sticky":false,"template":"","format":"standard","meta":{"footnotes":""},"categories":[1,23],"tags":[27],"_links":{"self":[{"href":"https:\/\/institutviladomat.cat\/portfoli\/15esteveescola\/wp-json\/wp\/v2\/posts\/69"}],"collection":[{"href":"https:\/\/institutviladomat.cat\/portfoli\/15esteveescola\/wp-json\/wp\/v2\/posts"}],"about":[{"href":"https:\/\/institutviladomat.cat\/portfoli\/15esteveescola\/wp-json\/wp\/v2\/types\/post"}],"author":[{"embeddable":true,"href":"https:\/\/institutviladomat.cat\/portfoli\/15esteveescola\/wp-json\/wp\/v2\/users\/36"}],"replies":[{"embeddable":true,"href":"https:\/\/institutviladomat.cat\/portfoli\/15esteveescola\/wp-json\/wp\/v2\/comments?post=69"}],"version-history":[{"count":1,"href":"https:\/\/institutviladomat.cat\/portfoli\/15esteveescola\/wp-json\/wp\/v2\/posts\/69\/revisions"}],"predecessor-version":[{"id":71,"href":"https:\/\/institutviladomat.cat\/portfoli\/15esteveescola\/wp-json\/wp\/v2\/posts\/69\/revisions\/71"}],"wp:featuredmedia":[{"embeddable":true,"href":"https:\/\/institutviladomat.cat\/portfoli\/15esteveescola\/wp-json\/wp\/v2\/media\/148"}],"wp:attachment":[{"href":"https:\/\/institutviladomat.cat\/portfoli\/15esteveescola\/wp-json\/wp\/v2\/media?parent=69"}],"wp:term":[{"taxonomy":"category","embeddable":true,"href":"https:\/\/institutviladomat.cat\/portfoli\/15esteveescola\/wp-json\/wp\/v2\/categories?post=69"},{"taxonomy":"post_tag","embeddable":true,"href":"https:\/\/institutviladomat.cat\/portfoli\/15esteveescola\/wp-json\/wp\/v2\/tags?post=69"}],"curies":[{"name":"wp","href":"https:\/\/api.w.org\/{rel}","templated":true}]}}