{"id":76,"date":"2017-01-27T13:33:49","date_gmt":"2017-01-27T13:33:49","guid":{"rendered":"http:\/\/institutviladomat.cat\/portfoli\/15esteveescola\/?p=76"},"modified":"2017-03-17T13:29:21","modified_gmt":"2017-03-17T13:29:21","slug":"la-sortida-a-vallvidrera","status":"publish","type":"post","link":"https:\/\/institutviladomat.cat\/portfoli\/15esteveescola\/2017\/01\/27\/la-sortida-a-vallvidrera\/","title":{"rendered":"La sortida a Vallvidrera"},"content":{"rendered":"<p>El dijous 26 de gener els alumnes de l&#8217;institut Viladomat vam anar a Vallvidrera.<\/p>\n<p>Encara que hagu\u00e9s plogut vam visitar aquests llocs:<\/p>\n<p>Vil\u00b7la joana i Jacint Verdaguer:<\/p>\n<p>El primer lloc que vam anar va ser la Famosa casa de vil-la joana on el poeta Jacint Verdaguer va passar els seus \u00faltims dies. Actualment, la casa \u00e9s un museu on explica la hist\u00f2ria de la casa. Des dels primers propietaris (els senyors Miralles), quan va ser una escola d&#8217;\u00fas educatiu i quan Jacint Verdaguer va morir.<\/p>\n<p><img decoding=\"async\" loading=\"lazy\" src=\"https:\/\/upload.wikimedia.org\/wikipedia\/commons\/thumb\/6\/62\/Vila_Joana_exteriors_%284%29.jpg\/800px-Vila_Joana_exteriors_%284%29.jpg\" alt=\"File:Vila Joana exteriors (4).jpg\" width=\"800\" height=\"531\" \/><\/p>\n<p>Jacint Verdaguer va ser un poeta que des de molt jove va presentar el seminari i es va convertir en capell\u00e0. Va ser una de les figures m\u00e9s importants de la renaixen\u00e7a i va escriure moltes obres reconegudes mundialment. un exemple seria l&#8217;Atl\u00e0ntida, el compte Arnau o el Canig\u00f3. Finalment, va morir a Vallvidrera i 300000 persones van assistir al seu enterrament.<\/p>\n<p><img decoding=\"async\" loading=\"lazy\" class=\"irc_mi iUmp3XumfFi8-pQOPx8XEepE\" src=\"https:\/\/upload.wikimedia.org\/wikipedia\/commons\/thumb\/d\/d5\/Jacint_Verdaguer.gif\/220px-Jacint_Verdaguer.gif\" alt=\"Image result for jacint verdaguer\" width=\"220\" height=\"287\" \/><\/p>\n<p>Pant\u00e0 de Vallvidrera:<\/p>\n<p>La presa del pant\u00e0 de Vallvidrera es va inaugurar l&#8217;any 1864 per subministrar aigua al municipi de Sarri\u00e0. Tot i que durant molts anys va estar abandonada, ara s&#8217;ha convertit en un espai tranquil per passejar i gaudir del paisatge i de la natura. Un dels millors camins per accedir-hi \u00e9s des de la pla\u00e7a de Mina Grott i el cam\u00ed del pant\u00e0.<\/p>\n<p>&nbsp;<\/p>\n<p>&nbsp;<\/p>\n<p><strong><img decoding=\"async\" src=\"http:\/\/www.sortirambnens.com\/images\/stories\/apeu\/pantavallvidrera_11.JPG\" alt=\"\" border=\"0\" \/><\/strong><\/p>\n<p>Mina Grott:<\/p>\n<p>La Mina Grott \u00e9s un t\u00fanel de gaireb\u00e9 un quil\u00f2metre i mig que connecta el Pant\u00e0 de Vallvidrera amb la part baixa del barri de Vallvidrera, a prop de l&#8217;estaci\u00f3 inferior del Funicular de Vallvidrera. Es va construir l&#8217;any 1855 per portar l&#8217;aigua del pant\u00e0 fins a l&#8217;antic municipi de Sarri\u00e0. A principis de segle XX, l&#8217;enginyer Carles Emili Monta\u00f1\u00e9s va presentar un projecte per fer un trenet que trasllades als barcelonins que anaven a gaudir de la natura a Collserola.<\/p>\n<p>&nbsp;<\/p>\n<p><img decoding=\"async\" src=\"http:\/\/www.sortirambnens.com\/images\/stories\/apeu\/pantavallvidrera_08.JPG\" alt=\"\" width=\"150\" border=\"0\" hspace=\"5\" \/><\/p>\n<p>Santa Maria de Vallvidrera:<\/p>\n<p>L&#8217;esgl\u00e9sia de Santa M\u00aa de Vallvidrera, \u00e9s una antiga parr\u00f2quia constru\u00efda al segle X. Va ser el nucli original de Vallvidrera i actualment es pot visitar el cementiri els caps de setmana i als dies festius.<\/p>\n<p><img decoding=\"async\" src=\"http:\/\/www.sortirambnens.com\/images\/stories\/apeu\/pantavallvidrera_14.JPG\" alt=\"\" border=\"0\" \/><\/p>\n<p>&nbsp;<\/p>\n<p>En resum, crec que va ser una sortida en la qual vaig gaudir molt encara que el temps no estigu\u00e9s de la nostra part.<\/p>\n<p>&nbsp;<\/p>\n<p>&nbsp;<\/p>\n","protected":false},"excerpt":{"rendered":"<p>El dijous 26 de gener els alumnes de l&#8217;institut Viladomat vam anar a Vallvidrera. Encara que hagu\u00e9s plogut vam visitar aquests llocs: Vil\u00b7la joana i Jacint Verdaguer: El&#8230;<\/p>\n","protected":false},"author":36,"featured_media":144,"comment_status":"open","ping_status":"open","sticky":false,"template":"","format":"standard","meta":{"footnotes":""},"categories":[29],"tags":[30],"_links":{"self":[{"href":"https:\/\/institutviladomat.cat\/portfoli\/15esteveescola\/wp-json\/wp\/v2\/posts\/76"}],"collection":[{"href":"https:\/\/institutviladomat.cat\/portfoli\/15esteveescola\/wp-json\/wp\/v2\/posts"}],"about":[{"href":"https:\/\/institutviladomat.cat\/portfoli\/15esteveescola\/wp-json\/wp\/v2\/types\/post"}],"author":[{"embeddable":true,"href":"https:\/\/institutviladomat.cat\/portfoli\/15esteveescola\/wp-json\/wp\/v2\/users\/36"}],"replies":[{"embeddable":true,"href":"https:\/\/institutviladomat.cat\/portfoli\/15esteveescola\/wp-json\/wp\/v2\/comments?post=76"}],"version-history":[{"count":1,"href":"https:\/\/institutviladomat.cat\/portfoli\/15esteveescola\/wp-json\/wp\/v2\/posts\/76\/revisions"}],"predecessor-version":[{"id":77,"href":"https:\/\/institutviladomat.cat\/portfoli\/15esteveescola\/wp-json\/wp\/v2\/posts\/76\/revisions\/77"}],"wp:featuredmedia":[{"embeddable":true,"href":"https:\/\/institutviladomat.cat\/portfoli\/15esteveescola\/wp-json\/wp\/v2\/media\/144"}],"wp:attachment":[{"href":"https:\/\/institutviladomat.cat\/portfoli\/15esteveescola\/wp-json\/wp\/v2\/media?parent=76"}],"wp:term":[{"taxonomy":"category","embeddable":true,"href":"https:\/\/institutviladomat.cat\/portfoli\/15esteveescola\/wp-json\/wp\/v2\/categories?post=76"},{"taxonomy":"post_tag","embeddable":true,"href":"https:\/\/institutviladomat.cat\/portfoli\/15esteveescola\/wp-json\/wp\/v2\/tags?post=76"}],"curies":[{"name":"wp","href":"https:\/\/api.w.org\/{rel}","templated":true}]}}