{"id":82,"date":"2017-02-05T16:11:05","date_gmt":"2017-02-05T16:11:05","guid":{"rendered":"http:\/\/institutviladomat.cat\/portfoli\/15esteveescola\/?p=82"},"modified":"2017-03-17T13:23:57","modified_gmt":"2017-03-17T13:23:57","slug":"tot-o-res","status":"publish","type":"post","link":"https:\/\/institutviladomat.cat\/portfoli\/15esteveescola\/2017\/02\/05\/tot-o-res\/","title":{"rendered":"TOT O RES"},"content":{"rendered":"<p>El dimecres 1 de febrer, els alumnes de l&#8217;institut Viladomat vam anar a l&#8217;estudi de Mediapro a enregistrar tres versions del nou programa de TV3 que ha substitu\u00eft al Gran Dictat Tot o Res.<\/p>\n<p>En el plat\u00f3 abans de comen\u00e7ar a gravar, hi havia un home que l&#8217;anomenaven l&#8217;animador de p\u00fablic perqu\u00e8 s&#8217;encarregava d&#8217;animar al p\u00fablic. Ell feia que la nostra estan\u00e7a all\u00e0 no es fes tan pesada.<\/p>\n<p>Despr\u00e9s, estava la realitzadora que ens deia quan hav\u00edem d&#8217;aplaudir mentre el programa s&#8217;estava gravant.<\/p>\n<p>Personalment, crec que hauria sigut una bona experi\u00e8ncia si no fos perqu\u00e8 vam arribar a casa a les 5:30 de la tarda.<\/p>\n<p><img decoding=\"async\" loading=\"lazy\" class=\"alignnone size-medium\" src=\"http:\/\/statics.ccma.cat\/multimedia\/jpg\/6\/2\/1480518803326.jpg\" width=\"670\" height=\"378\" \/><\/p>\n<p>&nbsp;<\/p>\n<p>&nbsp;<\/p>\n","protected":false},"excerpt":{"rendered":"<p>El dimecres 1 de febrer, els alumnes de l&#8217;institut Viladomat vam anar a l&#8217;estudi de Mediapro a enregistrar tres versions del nou programa de TV3 que ha substitu\u00eft&#8230;<\/p>\n","protected":false},"author":36,"featured_media":140,"comment_status":"open","ping_status":"open","sticky":false,"template":"","format":"standard","meta":{"footnotes":""},"categories":[29],"tags":[34],"_links":{"self":[{"href":"https:\/\/institutviladomat.cat\/portfoli\/15esteveescola\/wp-json\/wp\/v2\/posts\/82"}],"collection":[{"href":"https:\/\/institutviladomat.cat\/portfoli\/15esteveescola\/wp-json\/wp\/v2\/posts"}],"about":[{"href":"https:\/\/institutviladomat.cat\/portfoli\/15esteveescola\/wp-json\/wp\/v2\/types\/post"}],"author":[{"embeddable":true,"href":"https:\/\/institutviladomat.cat\/portfoli\/15esteveescola\/wp-json\/wp\/v2\/users\/36"}],"replies":[{"embeddable":true,"href":"https:\/\/institutviladomat.cat\/portfoli\/15esteveescola\/wp-json\/wp\/v2\/comments?post=82"}],"version-history":[{"count":1,"href":"https:\/\/institutviladomat.cat\/portfoli\/15esteveescola\/wp-json\/wp\/v2\/posts\/82\/revisions"}],"predecessor-version":[{"id":83,"href":"https:\/\/institutviladomat.cat\/portfoli\/15esteveescola\/wp-json\/wp\/v2\/posts\/82\/revisions\/83"}],"wp:featuredmedia":[{"embeddable":true,"href":"https:\/\/institutviladomat.cat\/portfoli\/15esteveescola\/wp-json\/wp\/v2\/media\/140"}],"wp:attachment":[{"href":"https:\/\/institutviladomat.cat\/portfoli\/15esteveescola\/wp-json\/wp\/v2\/media?parent=82"}],"wp:term":[{"taxonomy":"category","embeddable":true,"href":"https:\/\/institutviladomat.cat\/portfoli\/15esteveescola\/wp-json\/wp\/v2\/categories?post=82"},{"taxonomy":"post_tag","embeddable":true,"href":"https:\/\/institutviladomat.cat\/portfoli\/15esteveescola\/wp-json\/wp\/v2\/tags?post=82"}],"curies":[{"name":"wp","href":"https:\/\/api.w.org\/{rel}","templated":true}]}}