{"id":88,"date":"2017-02-10T13:18:09","date_gmt":"2017-02-10T13:18:09","guid":{"rendered":"http:\/\/institutviladomat.cat\/portfoli\/15esteveescola\/?p=88"},"modified":"2017-03-17T13:18:53","modified_gmt":"2017-03-17T13:18:53","slug":"el-porc","status":"publish","type":"post","link":"https:\/\/institutviladomat.cat\/portfoli\/15esteveescola\/2017\/02\/10\/el-porc\/","title":{"rendered":"El Porc"},"content":{"rendered":"<p>Al final de la situaci\u00f3 de televisi\u00f3, hem vist un cap\u00edtol de la famosa serie Black Mirror.<\/p>\n<p>El cap\u00edtol, parlava sobre el poder de la televisi\u00f3 utilitzant una situaci\u00f3 que actualment podria passar:<\/p>\n<p>Tot comen\u00e7a quan segrestant a la princesa i per salvar-la el primer ministre del regne unit ha de realitzar l&#8217;acte sexual amb un porc i retransmetreu en directe per totes les cadenes de televisi\u00f3. Al final ho acaba fent i tothom ho observa. Mentrestant, la princesa queda alliberada i el primer ministre es podria haver salvat per\u00f2 com que tothom estava pendent de l&#8217;acte ning\u00fa es d\u00f3na compte.<\/p>\n<p>Personalment, crec que \u00e9s un bon cap\u00edtol i que m&#8217;ha semblat interessant que es comenti a classe.<\/p>\n<p><img decoding=\"async\" loading=\"lazy\" class=\"alignnone size-medium\" src=\"http:\/\/horrorgeeklife.com\/wp-content\/uploads\/2016\/10\/1442844552-screen-shot-2015-09-21-at-100823-am.png\" width=\"1278\" height=\"807\" \/><\/p>\n","protected":false},"excerpt":{"rendered":"<p>Al final de la situaci\u00f3 de televisi\u00f3, hem vist un cap\u00edtol de la famosa serie Black Mirror. El cap\u00edtol, parlava sobre el poder de la televisi\u00f3 utilitzant una&#8230;<\/p>\n","protected":false},"author":36,"featured_media":137,"comment_status":"open","ping_status":"open","sticky":false,"template":"","format":"standard","meta":{"footnotes":""},"categories":[29],"tags":[38],"_links":{"self":[{"href":"https:\/\/institutviladomat.cat\/portfoli\/15esteveescola\/wp-json\/wp\/v2\/posts\/88"}],"collection":[{"href":"https:\/\/institutviladomat.cat\/portfoli\/15esteveescola\/wp-json\/wp\/v2\/posts"}],"about":[{"href":"https:\/\/institutviladomat.cat\/portfoli\/15esteveescola\/wp-json\/wp\/v2\/types\/post"}],"author":[{"embeddable":true,"href":"https:\/\/institutviladomat.cat\/portfoli\/15esteveescola\/wp-json\/wp\/v2\/users\/36"}],"replies":[{"embeddable":true,"href":"https:\/\/institutviladomat.cat\/portfoli\/15esteveescola\/wp-json\/wp\/v2\/comments?post=88"}],"version-history":[{"count":2,"href":"https:\/\/institutviladomat.cat\/portfoli\/15esteveescola\/wp-json\/wp\/v2\/posts\/88\/revisions"}],"predecessor-version":[{"id":90,"href":"https:\/\/institutviladomat.cat\/portfoli\/15esteveescola\/wp-json\/wp\/v2\/posts\/88\/revisions\/90"}],"wp:featuredmedia":[{"embeddable":true,"href":"https:\/\/institutviladomat.cat\/portfoli\/15esteveescola\/wp-json\/wp\/v2\/media\/137"}],"wp:attachment":[{"href":"https:\/\/institutviladomat.cat\/portfoli\/15esteveescola\/wp-json\/wp\/v2\/media?parent=88"}],"wp:term":[{"taxonomy":"category","embeddable":true,"href":"https:\/\/institutviladomat.cat\/portfoli\/15esteveescola\/wp-json\/wp\/v2\/categories?post=88"},{"taxonomy":"post_tag","embeddable":true,"href":"https:\/\/institutviladomat.cat\/portfoli\/15esteveescola\/wp-json\/wp\/v2\/tags?post=88"}],"curies":[{"name":"wp","href":"https:\/\/api.w.org\/{rel}","templated":true}]}}