{"id":119,"date":"2016-11-18T13:36:22","date_gmt":"2016-11-18T13:36:22","guid":{"rendered":"http:\/\/institutviladomat.cat\/portfoli\/15marbernet\/?p=119"},"modified":"2016-11-23T19:52:08","modified_gmt":"2016-11-23T19:52:08","slug":"poemes","status":"publish","type":"post","link":"https:\/\/institutviladomat.cat\/portfoli\/15marbernet\/2016\/11\/18\/poemes\/","title":{"rendered":"Poemes"},"content":{"rendered":"<p>Els poemes que hem fet a la classe de catal\u00e1, s\u00f3n d&#8217;un bestiari de tres autors; Josep Carner, Merc\u00e9 Rodoleda i de Pere Quart.<\/p>\n<!--[if lt IE 9]><script>document.createElement('audio');<\/script><![endif]-->\n<audio class=\"wp-audio-shortcode\" id=\"audio-119-1\" preload=\"none\" style=\"width: 100%;\" controls=\"controls\"><source type=\"audio\/mpeg\" src=\"http:\/\/institutviladomat.cat\/portfoli\/15marbernet\/wp-content\/uploads\/sites\/17\/2016\/11\/poema.mp3?_=1\" \/><a href=\"http:\/\/institutviladomat.cat\/portfoli\/15marbernet\/wp-content\/uploads\/sites\/17\/2016\/11\/poema.mp3\">http:\/\/institutviladomat.cat\/portfoli\/15marbernet\/wp-content\/uploads\/sites\/17\/2016\/11\/poema.mp3<\/a><\/audio>\n","protected":false},"excerpt":{"rendered":"<p>Els poemes que hem fet a la classe de catal\u00e1, s\u00f3n d&#8217;un bestiari de tres autors; Josep Carner, Merc\u00e9 Rodoleda i de Pere Quart.<\/p>\n","protected":false},"author":19,"featured_media":126,"comment_status":"open","ping_status":"open","sticky":false,"template":"","format":"standard","meta":{"footnotes":""},"categories":[1],"tags":[],"_links":{"self":[{"href":"https:\/\/institutviladomat.cat\/portfoli\/15marbernet\/wp-json\/wp\/v2\/posts\/119"}],"collection":[{"href":"https:\/\/institutviladomat.cat\/portfoli\/15marbernet\/wp-json\/wp\/v2\/posts"}],"about":[{"href":"https:\/\/institutviladomat.cat\/portfoli\/15marbernet\/wp-json\/wp\/v2\/types\/post"}],"author":[{"embeddable":true,"href":"https:\/\/institutviladomat.cat\/portfoli\/15marbernet\/wp-json\/wp\/v2\/users\/19"}],"replies":[{"embeddable":true,"href":"https:\/\/institutviladomat.cat\/portfoli\/15marbernet\/wp-json\/wp\/v2\/comments?post=119"}],"version-history":[{"count":2,"href":"https:\/\/institutviladomat.cat\/portfoli\/15marbernet\/wp-json\/wp\/v2\/posts\/119\/revisions"}],"predecessor-version":[{"id":122,"href":"https:\/\/institutviladomat.cat\/portfoli\/15marbernet\/wp-json\/wp\/v2\/posts\/119\/revisions\/122"}],"wp:featuredmedia":[{"embeddable":true,"href":"https:\/\/institutviladomat.cat\/portfoli\/15marbernet\/wp-json\/wp\/v2\/media\/126"}],"wp:attachment":[{"href":"https:\/\/institutviladomat.cat\/portfoli\/15marbernet\/wp-json\/wp\/v2\/media?parent=119"}],"wp:term":[{"taxonomy":"category","embeddable":true,"href":"https:\/\/institutviladomat.cat\/portfoli\/15marbernet\/wp-json\/wp\/v2\/categories?post=119"},{"taxonomy":"post_tag","embeddable":true,"href":"https:\/\/institutviladomat.cat\/portfoli\/15marbernet\/wp-json\/wp\/v2\/tags?post=119"}],"curies":[{"name":"wp","href":"https:\/\/api.w.org\/{rel}","templated":true}]}}