{"id":128,"date":"2016-11-25T12:46:56","date_gmt":"2016-11-25T12:46:56","guid":{"rendered":"http:\/\/institutviladomat.cat\/portfoli\/15marbernet\/?p=128"},"modified":"2016-11-25T13:15:36","modified_gmt":"2016-11-25T13:15:36","slug":"lactualitat-amb-el-viladomat","status":"publish","type":"post","link":"https:\/\/institutviladomat.cat\/portfoli\/15marbernet\/2016\/11\/25\/lactualitat-amb-el-viladomat\/","title":{"rendered":"L&#8217;actualitat amb el Viladomat"},"content":{"rendered":"<p>Avui hem grabat el magazine \u00a0del nostre grup que anava sobre les not\u00edcies de l&#8217;actualitat. Hem fet el gui\u00f3 i hem intentat que tothom parl\u00e9s per igual. Al final hem anat a gravar. Al principi, ens hem espantat una mica per que nom\u00e9s es podia fer un cop i era en directe. Hem grabat i jo m&#8217;he entortolligat amb unes cuantes paraules. No s&#8217;ha notat gaire per sort. Al final tot ha quedat molt b\u00e9 i amb les m\u00fasiques que li hem enviat a l&#8217;Andreu de consergeria, ha quedat encara millor. Hem parlat de el cop que va donar Justin Biber a un fan des de la finestra del seu cotxe, de la manifestaci\u00f3 que hi va haver per el nostre espai al parc de Germanetes i de la mort de Rita Barber\u00e1, l&#8217;excaldesa de Val\u00e9ncia.\u00a0<iframe width=\"100%\" height=\"400\" frameborder=\"0\" scrolling=\"https:\/\/docs.google.com\/a\/institutviladomat.cat\/document\/d\/1IzjCDEgXwqkEpWXZAoMQGTYwoCjns4iYzQInD3c1etY\/preview\" src=\"https:\/\/docs.google.com\/a\/institutviladomat.cat\/document\/d\/1IzjCDEgXwqkEpWXZAoMQGTYwoCjns4iYzQInD3c1etY\/preview\"><\/iframe><\/p>\n<p>&nbsp;<\/p>\n","protected":false},"excerpt":{"rendered":"<p>Avui hem grabat el magazine \u00a0del nostre grup que anava sobre les not\u00edcies de l&#8217;actualitat. Hem fet el gui\u00f3 i hem intentat que tothom parl\u00e9s per igual. Al&#8230;<\/p>\n","protected":false},"author":19,"featured_media":132,"comment_status":"open","ping_status":"open","sticky":false,"template":"","format":"standard","meta":{"footnotes":""},"categories":[1],"tags":[],"_links":{"self":[{"href":"https:\/\/institutviladomat.cat\/portfoli\/15marbernet\/wp-json\/wp\/v2\/posts\/128"}],"collection":[{"href":"https:\/\/institutviladomat.cat\/portfoli\/15marbernet\/wp-json\/wp\/v2\/posts"}],"about":[{"href":"https:\/\/institutviladomat.cat\/portfoli\/15marbernet\/wp-json\/wp\/v2\/types\/post"}],"author":[{"embeddable":true,"href":"https:\/\/institutviladomat.cat\/portfoli\/15marbernet\/wp-json\/wp\/v2\/users\/19"}],"replies":[{"embeddable":true,"href":"https:\/\/institutviladomat.cat\/portfoli\/15marbernet\/wp-json\/wp\/v2\/comments?post=128"}],"version-history":[{"count":5,"href":"https:\/\/institutviladomat.cat\/portfoli\/15marbernet\/wp-json\/wp\/v2\/posts\/128\/revisions"}],"predecessor-version":[{"id":135,"href":"https:\/\/institutviladomat.cat\/portfoli\/15marbernet\/wp-json\/wp\/v2\/posts\/128\/revisions\/135"}],"wp:featuredmedia":[{"embeddable":true,"href":"https:\/\/institutviladomat.cat\/portfoli\/15marbernet\/wp-json\/wp\/v2\/media\/132"}],"wp:attachment":[{"href":"https:\/\/institutviladomat.cat\/portfoli\/15marbernet\/wp-json\/wp\/v2\/media?parent=128"}],"wp:term":[{"taxonomy":"category","embeddable":true,"href":"https:\/\/institutviladomat.cat\/portfoli\/15marbernet\/wp-json\/wp\/v2\/categories?post=128"},{"taxonomy":"post_tag","embeddable":true,"href":"https:\/\/institutviladomat.cat\/portfoli\/15marbernet\/wp-json\/wp\/v2\/tags?post=128"}],"curies":[{"name":"wp","href":"https:\/\/api.w.org\/{rel}","templated":true}]}}