{"id":154,"date":"2017-01-27T13:29:59","date_gmt":"2017-01-27T13:29:59","guid":{"rendered":"http:\/\/institutviladomat.cat\/portfoli\/15marbernet\/?p=154"},"modified":"2017-03-17T12:53:21","modified_gmt":"2017-03-17T12:53:21","slug":"vallvidrera","status":"publish","type":"post","link":"https:\/\/institutviladomat.cat\/portfoli\/15marbernet\/2017\/01\/27\/vallvidrera\/","title":{"rendered":"Vallvidrera"},"content":{"rendered":"<p>El dia 26 de gener de 2017 vam anar a Vallvidrera. A les 2 primeres hores va ploure, aix\u00ed que no vam sortir de l&#8217;institut fins a les 11. Despr\u00e9s de anar al metro vam anar al tren i vam baixar a la parada de Baixador de Vallvidrera. Primer vam anar a visitar la Vil\u00b7la Joana, on va morir Jacint Verdaguer. Despr\u00e9s de visitar la casa-museu i de dibuixar-la amb el dossier que ens havien donat, vam anar al pant\u00e0 de Vallvidrera. All\u00e1 ens vam fer fotos i vam estar una estona. Despr\u00e9s vam anar a el tren un altre cop, per que ja no ens quedava molt m\u00e9s temps i desde all\u00e0 vam fer el circuit al rev\u00e9s. Vam arribar a l&#8217;institut 5 minuts abans de que s&#8217;acab\u00e9s l&#8217;institut, i ens va donar temps d&#8217;entregar el dossier que ens havien donat a la casa-museu i de pujar les cadires.<\/p>\n","protected":false},"excerpt":{"rendered":"<p>El dia 26 de gener de 2017 vam anar a Vallvidrera. A les 2 primeres hores va ploure, aix\u00ed que no vam sortir de l&#8217;institut fins a les&#8230;<\/p>\n","protected":false},"author":19,"featured_media":155,"comment_status":"open","ping_status":"open","sticky":false,"template":"","format":"standard","meta":{"footnotes":""},"categories":[1,27],"tags":[],"_links":{"self":[{"href":"https:\/\/institutviladomat.cat\/portfoli\/15marbernet\/wp-json\/wp\/v2\/posts\/154"}],"collection":[{"href":"https:\/\/institutviladomat.cat\/portfoli\/15marbernet\/wp-json\/wp\/v2\/posts"}],"about":[{"href":"https:\/\/institutviladomat.cat\/portfoli\/15marbernet\/wp-json\/wp\/v2\/types\/post"}],"author":[{"embeddable":true,"href":"https:\/\/institutviladomat.cat\/portfoli\/15marbernet\/wp-json\/wp\/v2\/users\/19"}],"replies":[{"embeddable":true,"href":"https:\/\/institutviladomat.cat\/portfoli\/15marbernet\/wp-json\/wp\/v2\/comments?post=154"}],"version-history":[{"count":5,"href":"https:\/\/institutviladomat.cat\/portfoli\/15marbernet\/wp-json\/wp\/v2\/posts\/154\/revisions"}],"predecessor-version":[{"id":160,"href":"https:\/\/institutviladomat.cat\/portfoli\/15marbernet\/wp-json\/wp\/v2\/posts\/154\/revisions\/160"}],"wp:featuredmedia":[{"embeddable":true,"href":"https:\/\/institutviladomat.cat\/portfoli\/15marbernet\/wp-json\/wp\/v2\/media\/155"}],"wp:attachment":[{"href":"https:\/\/institutviladomat.cat\/portfoli\/15marbernet\/wp-json\/wp\/v2\/media?parent=154"}],"wp:term":[{"taxonomy":"category","embeddable":true,"href":"https:\/\/institutviladomat.cat\/portfoli\/15marbernet\/wp-json\/wp\/v2\/categories?post=154"},{"taxonomy":"post_tag","embeddable":true,"href":"https:\/\/institutviladomat.cat\/portfoli\/15marbernet\/wp-json\/wp\/v2\/tags?post=154"}],"curies":[{"name":"wp","href":"https:\/\/api.w.org\/{rel}","templated":true}]}}