{"id":180,"date":"2017-02-07T20:03:52","date_gmt":"2017-02-07T20:03:52","guid":{"rendered":"http:\/\/institutviladomat.cat\/portfoli\/15marbernet\/?p=180"},"modified":"2017-03-17T12:52:09","modified_gmt":"2017-03-17T12:52:09","slug":"biografia-de-jacint-verdaguer","status":"publish","type":"post","link":"https:\/\/institutviladomat.cat\/portfoli\/15marbernet\/2017\/02\/07\/biografia-de-jacint-verdaguer\/","title":{"rendered":"Biografia de Jacint Verdaguer"},"content":{"rendered":"<p>Jacint Verdaguer va n\u00e9ixer a Folgueroles, Osona el 17 de maig de 1845. Va morir a Vil\u00b7la Joana, Vallvidrera el 10 de juny de 1902. Va ser un poeta i sacerdot catal\u00e0. Jacint Verdaguer va ser una de les figures del modernisme catal\u00e0.<\/p>\n<p>Jacint Verdaguer tenia 8 germans, del quals nom\u00e9s en van sobreviure 3. Va estudiar al Seminari de Vic. Va tardar 15 anys en acabar els seus estudis. Al 1864, quan Verdaguer tenia 19 anys es va presentar als jocs florals. Va guanyar dos premis amb\u00a0 <i>Els minyons d&#8217;en Veciana\u00a0<\/i>i amb\u00a0 <i>A la mort d&#8217;en Rafel de Casanova<\/i>. Despr\u00e9s de guanyar els jocs florals el seminari vigat\u00e0 li va publicar el poema\u00a0 <i>Eco de la Monta\u00f1a\u00a0<\/i>i gr\u00e0cies a aix\u00f2 va poder contactar amb alguns catedr\u00e0tics que el van animar per a seguir amb els seus estudis literaris. \u00a0 \u00a0 \u00a0 \u00a0 \u00a0 \u00a0 \u00a0 \u00a0 \u00a0 \u00a0 \u00a0 \u00a0 \u00a0 \u00a0 \u00a0 \u00a0 \u00a0 \u00a0 \u00a0 \u00a0 \u00a0 \u00a0 \u00a0 \u00a0 \u00a0 \u00a0 \u00a0 \u00a0 \u00a0 \u00a0 El 24 de setembre de 1870 va ser nomenat sacerdot de Vic. Del 1883 a 1886 Jacint Verdaguer publica l&#8217;oda a Barcelona. M\u00e9s endavant, al 1886, publica un poema \u00e8pic, el Canig\u00f3. Aix\u00f2 tamb\u00e9 va influir en el projecte de la Renaixen\u00e7a. La Renaixen\u00e7a va ser un projecte que Verdaguer, juntament amb Narc\u00eds Oller i \u00c0ngel Guimer\u00e0, van fer que la llengua catalana passes de ser una llengua vulgar a ser una llengua oficial.\u00a0Narc\u00eds Oller ho va fer des de la narraci\u00f3,\u00a0\u00c0ngel Guimer\u00e0 des de el teatre i Jacint Verdaguer des de la poesia. Al 1877 Verdaguer publica el poema de Atl\u00e0ntida, un altre dels seus poemes \u00e8pics. \u00a0Amb aquest poema format per 10 cants, Jacint Verdaguer guanya el premi dels jocs florals.<\/p>\n<p>Aix\u00ed que Jacint Verdaguer en ha deixat un munt de poemes i de can\u00e7ons pera \u00a0disfrutar.<\/p>\n","protected":false},"excerpt":{"rendered":"<p>Jacint Verdaguer va n\u00e9ixer a Folgueroles, Osona el 17 de maig de 1845. Va morir a Vil\u00b7la Joana, Vallvidrera el 10 de juny de 1902. Va ser un&#8230;<\/p>\n","protected":false},"author":19,"featured_media":165,"comment_status":"open","ping_status":"open","sticky":false,"template":"","format":"standard","meta":{"footnotes":""},"categories":[1,27],"tags":[],"_links":{"self":[{"href":"https:\/\/institutviladomat.cat\/portfoli\/15marbernet\/wp-json\/wp\/v2\/posts\/180"}],"collection":[{"href":"https:\/\/institutviladomat.cat\/portfoli\/15marbernet\/wp-json\/wp\/v2\/posts"}],"about":[{"href":"https:\/\/institutviladomat.cat\/portfoli\/15marbernet\/wp-json\/wp\/v2\/types\/post"}],"author":[{"embeddable":true,"href":"https:\/\/institutviladomat.cat\/portfoli\/15marbernet\/wp-json\/wp\/v2\/users\/19"}],"replies":[{"embeddable":true,"href":"https:\/\/institutviladomat.cat\/portfoli\/15marbernet\/wp-json\/wp\/v2\/comments?post=180"}],"version-history":[{"count":3,"href":"https:\/\/institutviladomat.cat\/portfoli\/15marbernet\/wp-json\/wp\/v2\/posts\/180\/revisions"}],"predecessor-version":[{"id":183,"href":"https:\/\/institutviladomat.cat\/portfoli\/15marbernet\/wp-json\/wp\/v2\/posts\/180\/revisions\/183"}],"wp:featuredmedia":[{"embeddable":true,"href":"https:\/\/institutviladomat.cat\/portfoli\/15marbernet\/wp-json\/wp\/v2\/media\/165"}],"wp:attachment":[{"href":"https:\/\/institutviladomat.cat\/portfoli\/15marbernet\/wp-json\/wp\/v2\/media?parent=180"}],"wp:term":[{"taxonomy":"category","embeddable":true,"href":"https:\/\/institutviladomat.cat\/portfoli\/15marbernet\/wp-json\/wp\/v2\/categories?post=180"},{"taxonomy":"post_tag","embeddable":true,"href":"https:\/\/institutviladomat.cat\/portfoli\/15marbernet\/wp-json\/wp\/v2\/tags?post=180"}],"curies":[{"name":"wp","href":"https:\/\/api.w.org\/{rel}","templated":true}]}}