{"id":184,"date":"2017-03-17T12:51:52","date_gmt":"2017-03-17T12:51:52","guid":{"rendered":"http:\/\/institutviladomat.cat\/portfoli\/15marbernet\/?p=184"},"modified":"2017-03-29T06:39:39","modified_gmt":"2017-03-29T06:39:39","slug":"sortida-al-plato-de-tv3","status":"publish","type":"post","link":"https:\/\/institutviladomat.cat\/portfoli\/15marbernet\/2017\/03\/17\/sortida-al-plato-de-tv3\/","title":{"rendered":"Sortida al plat\u00f3 de TV3"},"content":{"rendered":"<p>El dia 1 de febrer vam anar al plat\u00f3 de tot o res. Vam con\u00e9ixer a l&#8217;Ares Texid\u00f3. Va ser molt divertit, vam beure com es realitzava&#8230;..<\/p>\n<p>&nbsp;<\/p>\n","protected":false},"excerpt":{"rendered":"<p>El dia 1 de febrer vam anar al plat\u00f3 de tot o res. Vam con\u00e9ixer a l&#8217;Ares Texid\u00f3. Va ser molt divertit, vam beure com es realitzava&#8230;.. &nbsp;<\/p>\n","protected":false},"author":19,"featured_media":261,"comment_status":"open","ping_status":"open","sticky":false,"template":"","format":"standard","meta":{"footnotes":""},"categories":[1,27],"tags":[],"_links":{"self":[{"href":"https:\/\/institutviladomat.cat\/portfoli\/15marbernet\/wp-json\/wp\/v2\/posts\/184"}],"collection":[{"href":"https:\/\/institutviladomat.cat\/portfoli\/15marbernet\/wp-json\/wp\/v2\/posts"}],"about":[{"href":"https:\/\/institutviladomat.cat\/portfoli\/15marbernet\/wp-json\/wp\/v2\/types\/post"}],"author":[{"embeddable":true,"href":"https:\/\/institutviladomat.cat\/portfoli\/15marbernet\/wp-json\/wp\/v2\/users\/19"}],"replies":[{"embeddable":true,"href":"https:\/\/institutviladomat.cat\/portfoli\/15marbernet\/wp-json\/wp\/v2\/comments?post=184"}],"version-history":[{"count":3,"href":"https:\/\/institutviladomat.cat\/portfoli\/15marbernet\/wp-json\/wp\/v2\/posts\/184\/revisions"}],"predecessor-version":[{"id":263,"href":"https:\/\/institutviladomat.cat\/portfoli\/15marbernet\/wp-json\/wp\/v2\/posts\/184\/revisions\/263"}],"wp:featuredmedia":[{"embeddable":true,"href":"https:\/\/institutviladomat.cat\/portfoli\/15marbernet\/wp-json\/wp\/v2\/media\/261"}],"wp:attachment":[{"href":"https:\/\/institutviladomat.cat\/portfoli\/15marbernet\/wp-json\/wp\/v2\/media?parent=184"}],"wp:term":[{"taxonomy":"category","embeddable":true,"href":"https:\/\/institutviladomat.cat\/portfoli\/15marbernet\/wp-json\/wp\/v2\/categories?post=184"},{"taxonomy":"post_tag","embeddable":true,"href":"https:\/\/institutviladomat.cat\/portfoli\/15marbernet\/wp-json\/wp\/v2\/tags?post=184"}],"curies":[{"name":"wp","href":"https:\/\/api.w.org\/{rel}","templated":true}]}}