{"id":30,"date":"2016-07-08T08:55:01","date_gmt":"2016-07-08T08:55:01","guid":{"rendered":"http:\/\/institutviladomat.cat\/portfoli\/15marbernet\/?p=30"},"modified":"2016-07-08T08:55:01","modified_gmt":"2016-07-08T08:55:01","slug":"atleta-escollit","status":"publish","type":"post","link":"https:\/\/institutviladomat.cat\/portfoli\/15marbernet\/2016\/07\/08\/atleta-escollit\/","title":{"rendered":"Atleta escollit"},"content":{"rendered":"<p>Jo he escollit a l&#8217;atleta\u00a0\u00c1gnes Keleti<span style=\"font-weight: 400\">.\u00a0Va n\u00e9ixer el 9 de gener de 1921 a la ciutat de Budapest. En tota la seva llaga carrera ha guanyat: 6 medalles d&#8217;or, 4 de plata i 3 de bronze. La seva primera medalla d&#8217;or va ser a Helsinki al 1952. <\/span><\/p>\n<p><span style=\"font-weight: 400\">He escollit aquesta altleta per que va guanyar moltes medalles, per que despr\u00e9s quan es va retirar va anar a Israel a fer classes d&#8217;Educaci\u00f3 F\u00edsica, que no es va quedar estancada en el passat com altres altletes, sin\u00f3 que va fer coses. Aix\u00f3 em va agradar. \u00a0<\/span><\/p>\n<p>\u00c1gnes Keleti:<\/p>\n<p><img decoding=\"async\" loading=\"lazy\" class=\"\" src=\"http:\/\/www.thesundaytimes.co.uk\/sto\/multimedia\/dynamic\/00250\/LARISSA-LATYNINA_250083k.jpg\" width=\"467\" height=\"311\" \/><\/p>\n","protected":false},"excerpt":{"rendered":"<p>Jo he escollit a l&#8217;atleta\u00a0\u00c1gnes Keleti.\u00a0Va n\u00e9ixer el 9 de gener de 1921 a la ciutat de Budapest. En tota la seva llaga carrera ha guanyat: 6 medalles&#8230;<\/p>\n","protected":false},"author":19,"featured_media":0,"comment_status":"open","ping_status":"open","sticky":false,"template":"","format":"standard","meta":{"footnotes":""},"categories":[14],"tags":[20],"_links":{"self":[{"href":"https:\/\/institutviladomat.cat\/portfoli\/15marbernet\/wp-json\/wp\/v2\/posts\/30"}],"collection":[{"href":"https:\/\/institutviladomat.cat\/portfoli\/15marbernet\/wp-json\/wp\/v2\/posts"}],"about":[{"href":"https:\/\/institutviladomat.cat\/portfoli\/15marbernet\/wp-json\/wp\/v2\/types\/post"}],"author":[{"embeddable":true,"href":"https:\/\/institutviladomat.cat\/portfoli\/15marbernet\/wp-json\/wp\/v2\/users\/19"}],"replies":[{"embeddable":true,"href":"https:\/\/institutviladomat.cat\/portfoli\/15marbernet\/wp-json\/wp\/v2\/comments?post=30"}],"version-history":[{"count":1,"href":"https:\/\/institutviladomat.cat\/portfoli\/15marbernet\/wp-json\/wp\/v2\/posts\/30\/revisions"}],"predecessor-version":[{"id":31,"href":"https:\/\/institutviladomat.cat\/portfoli\/15marbernet\/wp-json\/wp\/v2\/posts\/30\/revisions\/31"}],"wp:attachment":[{"href":"https:\/\/institutviladomat.cat\/portfoli\/15marbernet\/wp-json\/wp\/v2\/media?parent=30"}],"wp:term":[{"taxonomy":"category","embeddable":true,"href":"https:\/\/institutviladomat.cat\/portfoli\/15marbernet\/wp-json\/wp\/v2\/categories?post=30"},{"taxonomy":"post_tag","embeddable":true,"href":"https:\/\/institutviladomat.cat\/portfoli\/15marbernet\/wp-json\/wp\/v2\/tags?post=30"}],"curies":[{"name":"wp","href":"https:\/\/api.w.org\/{rel}","templated":true}]}}