{"id":307,"date":"2017-09-15T13:53:54","date_gmt":"2017-09-15T13:53:54","guid":{"rendered":"http:\/\/institutviladomat.cat\/portfoli\/15marbernet\/?p=307"},"modified":"2017-10-30T07:06:06","modified_gmt":"2017-10-30T07:06:06","slug":"expectatives-de-3r-deso","status":"publish","type":"post","link":"https:\/\/institutviladomat.cat\/portfoli\/15marbernet\/2017\/09\/15\/expectatives-de-3r-deso\/","title":{"rendered":"Expectatives de 3r d&#8217;ESO"},"content":{"rendered":"<p>En aquesta entrada podreu veure: els meus objectius d&#8217;aquest curs, el que espero fer en el futur, dues imatges que m&#8217;identifiquen i el resum de que espero d&#8217;aquest curs.<\/p>\n<p><strong>Les expectatives que tinc aquest curs de 3r d&#8217;ESO s\u00f3n:<\/strong><\/p>\n<ul>\n<li>Seure b\u00e9 a la cadira i prestar atenci\u00f3, \u00e9s a dir, no estar parlant amb algun company o companya d&#8217;alguna cosa mentre el professor o professora parla. Tamb\u00e9 haig de seure b\u00e9 a la cadira i no posar-me no a dos potes ni a una.<\/li>\n<li>A casa, com a m\u00ednim, centrarme 30 minuts amb el que he fet a classe i, si no he entes alguna cosa, repassar-la. Tamb\u00e9 poder preguntar-li a alguns companys si ho han entes i que m&#8217;ho expliquin.<\/li>\n<li>Entregar les feines a temps, no deixar-ho tot per el \u00faltim moment. Saber organitzar el temps, a classe i a casa, per acabar les tasques i poder entregar les feines, treballs, fixes&#8230;. a temps.<\/li>\n<\/ul>\n<p><strong>Que espero fer en el futur?:<\/strong><\/p>\n<p>D&#8217;aqu\u00ed dos anys haur\u00e9 de triar a que em vull dedicar. El que tinc clar es que no em dedicar\u00e9 a alguna cosa relacionada amb la ciencia o amb les mates. El que si que m&#8217;agrada s\u00f3n els idiomes, lletres o alguna cosa relacionada amb aix\u00f3. Segurament far\u00e9 el batxillerat human\u00edstic o alguna cosa per l&#8217;estil.<\/p>\n<p><strong>Imatges que m&#8217;identifiquen:\u00a0<\/strong><\/p>\n<p>Les dues imatges que em representen, o de coses que m&#8217;agraden i coses que no, s\u00f3n aquestes. Les he posat en una presentaci\u00f3 per que sigui m\u00e9s f\u00e0cil de entendre. Tamb\u00e9 estan les fotografien de la Marta per que ho vam fer juntes.<\/p>\n<iframe width=\"100%\" height=\"400\" frameborder=\"0\" scrolling=\"https:\/\/docs.google.com\/a\/institutviladomat.cat\/presentation\/d\/1_dyfdYHwFON4lkBSjC4oQAsrdB_mDxlMygAommbDcnY\/preview?usp=drivesdk\" src=\"https:\/\/docs.google.com\/a\/institutviladomat.cat\/presentation\/d\/1_dyfdYHwFON4lkBSjC4oQAsrdB_mDxlMygAommbDcnY\/preview?usp=drivesdk\"><\/iframe>\n<p>&nbsp;<\/p>\n<p><strong>Resum de el que crec que passar\u00e0 aquest curs:<\/strong><\/p>\n<p>Aquest curs crec que ser\u00e0 diferent. Cada any ens canvieu de classe i cada any penso el mateix. Al principi, sempre costa relacionar-se, per\u00f2 crec que aquest any sera diferent per que en aquesta classe hi ha gent que no conec i tindre la oportunitat de coneixer-los. En el tema dels estudis crec que ho podr\u00e9 compaginar tot o almenys ho intentar\u00e9. Espero passar-m&#8217;ho molt b\u00e9 i apendre molt.<\/p>\n","protected":false},"excerpt":{"rendered":"<p>En aquesta entrada podreu veure: els meus objectius d&#8217;aquest curs, el que espero fer en el futur, dues imatges que m&#8217;identifiquen i el resum de que espero d&#8217;aquest&#8230;<\/p>\n","protected":false},"author":19,"featured_media":314,"comment_status":"open","ping_status":"open","sticky":false,"template":"","format":"standard","meta":{"footnotes":""},"categories":[31],"tags":[],"_links":{"self":[{"href":"https:\/\/institutviladomat.cat\/portfoli\/15marbernet\/wp-json\/wp\/v2\/posts\/307"}],"collection":[{"href":"https:\/\/institutviladomat.cat\/portfoli\/15marbernet\/wp-json\/wp\/v2\/posts"}],"about":[{"href":"https:\/\/institutviladomat.cat\/portfoli\/15marbernet\/wp-json\/wp\/v2\/types\/post"}],"author":[{"embeddable":true,"href":"https:\/\/institutviladomat.cat\/portfoli\/15marbernet\/wp-json\/wp\/v2\/users\/19"}],"replies":[{"embeddable":true,"href":"https:\/\/institutviladomat.cat\/portfoli\/15marbernet\/wp-json\/wp\/v2\/comments?post=307"}],"version-history":[{"count":7,"href":"https:\/\/institutviladomat.cat\/portfoli\/15marbernet\/wp-json\/wp\/v2\/posts\/307\/revisions"}],"predecessor-version":[{"id":323,"href":"https:\/\/institutviladomat.cat\/portfoli\/15marbernet\/wp-json\/wp\/v2\/posts\/307\/revisions\/323"}],"wp:featuredmedia":[{"embeddable":true,"href":"https:\/\/institutviladomat.cat\/portfoli\/15marbernet\/wp-json\/wp\/v2\/media\/314"}],"wp:attachment":[{"href":"https:\/\/institutviladomat.cat\/portfoli\/15marbernet\/wp-json\/wp\/v2\/media?parent=307"}],"wp:term":[{"taxonomy":"category","embeddable":true,"href":"https:\/\/institutviladomat.cat\/portfoli\/15marbernet\/wp-json\/wp\/v2\/categories?post=307"},{"taxonomy":"post_tag","embeddable":true,"href":"https:\/\/institutviladomat.cat\/portfoli\/15marbernet\/wp-json\/wp\/v2\/tags?post=307"}],"curies":[{"name":"wp","href":"https:\/\/api.w.org\/{rel}","templated":true}]}}