{"id":340,"date":"2017-11-24T13:08:59","date_gmt":"2017-11-24T13:08:59","guid":{"rendered":"http:\/\/institutviladomat.cat\/portfoli\/15marbernet\/?p=340"},"modified":"2018-03-02T09:46:10","modified_gmt":"2018-03-02T09:46:10","slug":"norma-ortografica","status":"publish","type":"post","link":"https:\/\/institutviladomat.cat\/portfoli\/15marbernet\/2017\/11\/24\/norma-ortografica\/","title":{"rendered":"Norma Ortogr\u00e0fica"},"content":{"rendered":"<p>A catal\u00e0 ens va tocar fer una presentaci\u00f3 de unes normes ortogr\u00e0fiques. Les que van tocar al meu grup van ser la x i la xi, tx i la ig, o i la u, j i la g. Vam haver de presentar-ho davant de tota la classe en forma de presentaci\u00f3, de v\u00eddeo, de can\u00e7\u00f3&#8230; Tamb\u00e9 hav\u00edem de fer una din\u00e0mica, un kahoot, un joc o unes preguntes per a veure si els companys ho havien ent\u00e8s. Nosaltres vam fer un v\u00eddeo per a cada norma ortogr\u00e0fica i la veritat es que va sortir una mica malament per que no tenia m\u00fasica i es feia molt pesat.\u00a0 Com a din\u00e0mica vam fer un kahoot de 3 preguntes per a veure si havien prestat atenci\u00f3, i si ho havien ent\u00e8s. Va funcionar i crec que tothom ho va poder entendre.<\/p>\n<ul>\n<li>Aqu\u00ed a baix hi han els v\u00eddeos de la norma:<\/li>\n<\/ul>\n<iframe width=\"100%\" height=\"400\" frameborder=\"0\" scrolling=\"https:\/\/drive.google.com\/a\/institutviladomat.cat\/file\/d\/1cdEvN5v3KkeQHZYo8005HjtxNl_mTtYk\/preview?usp=drivesdk\" src=\"https:\/\/drive.google.com\/a\/institutviladomat.cat\/file\/d\/1cdEvN5v3KkeQHZYo8005HjtxNl_mTtYk\/preview?usp=drivesdk\"><\/iframe>\n<iframe width=\"100%\" height=\"400\" frameborder=\"0\" scrolling=\"https:\/\/drive.google.com\/a\/institutviladomat.cat\/file\/d\/1tsSNb26aaUvAdKF425GH98SjEnOQXSht\/preview?usp=drivesdk\" src=\"https:\/\/drive.google.com\/a\/institutviladomat.cat\/file\/d\/1tsSNb26aaUvAdKF425GH98SjEnOQXSht\/preview?usp=drivesdk\"><\/iframe>\n<iframe width=\"100%\" height=\"400\" frameborder=\"0\" scrolling=\"https:\/\/drive.google.com\/a\/institutviladomat.cat\/file\/d\/1n_gAEbiwvyVusPN3rtvHSlZ3d93f0dSh\/preview?usp=drivesdk\" src=\"https:\/\/drive.google.com\/a\/institutviladomat.cat\/file\/d\/1n_gAEbiwvyVusPN3rtvHSlZ3d93f0dSh\/preview?usp=drivesdk\"><\/iframe>\n<iframe width=\"100%\" height=\"400\" frameborder=\"0\" scrolling=\"https:\/\/drive.google.com\/a\/institutviladomat.cat\/file\/d\/1EGkSDEluiM4QchhugSmqs1H4A_j-JA_f\/preview?usp=drivesdk\" src=\"https:\/\/drive.google.com\/a\/institutviladomat.cat\/file\/d\/1EGkSDEluiM4QchhugSmqs1H4A_j-JA_f\/preview?usp=drivesdk\"><\/iframe>\n","protected":false},"excerpt":{"rendered":"<p>A catal\u00e0 ens va tocar fer una presentaci\u00f3 de unes normes ortogr\u00e0fiques. Les que van tocar al meu grup van ser la x i la xi, tx i&#8230;<\/p>\n","protected":false},"author":19,"featured_media":342,"comment_status":"open","ping_status":"open","sticky":false,"template":"","format":"standard","meta":{"footnotes":""},"categories":[31,1],"tags":[],"_links":{"self":[{"href":"https:\/\/institutviladomat.cat\/portfoli\/15marbernet\/wp-json\/wp\/v2\/posts\/340"}],"collection":[{"href":"https:\/\/institutviladomat.cat\/portfoli\/15marbernet\/wp-json\/wp\/v2\/posts"}],"about":[{"href":"https:\/\/institutviladomat.cat\/portfoli\/15marbernet\/wp-json\/wp\/v2\/types\/post"}],"author":[{"embeddable":true,"href":"https:\/\/institutviladomat.cat\/portfoli\/15marbernet\/wp-json\/wp\/v2\/users\/19"}],"replies":[{"embeddable":true,"href":"https:\/\/institutviladomat.cat\/portfoli\/15marbernet\/wp-json\/wp\/v2\/comments?post=340"}],"version-history":[{"count":1,"href":"https:\/\/institutviladomat.cat\/portfoli\/15marbernet\/wp-json\/wp\/v2\/posts\/340\/revisions"}],"predecessor-version":[{"id":341,"href":"https:\/\/institutviladomat.cat\/portfoli\/15marbernet\/wp-json\/wp\/v2\/posts\/340\/revisions\/341"}],"wp:featuredmedia":[{"embeddable":true,"href":"https:\/\/institutviladomat.cat\/portfoli\/15marbernet\/wp-json\/wp\/v2\/media\/342"}],"wp:attachment":[{"href":"https:\/\/institutviladomat.cat\/portfoli\/15marbernet\/wp-json\/wp\/v2\/media?parent=340"}],"wp:term":[{"taxonomy":"category","embeddable":true,"href":"https:\/\/institutviladomat.cat\/portfoli\/15marbernet\/wp-json\/wp\/v2\/categories?post=340"},{"taxonomy":"post_tag","embeddable":true,"href":"https:\/\/institutviladomat.cat\/portfoli\/15marbernet\/wp-json\/wp\/v2\/tags?post=340"}],"curies":[{"name":"wp","href":"https:\/\/api.w.org\/{rel}","templated":true}]}}