{"id":354,"date":"2017-11-24T19:18:52","date_gmt":"2017-11-24T19:18:52","guid":{"rendered":"http:\/\/institutviladomat.cat\/portfoli\/15marbernet\/?p=354"},"modified":"2017-11-24T19:18:52","modified_gmt":"2017-11-24T19:18:52","slug":"mar-i-cel","status":"publish","type":"post","link":"https:\/\/institutviladomat.cat\/portfoli\/15marbernet\/2017\/11\/24\/mar-i-cel\/","title":{"rendered":"Mar i Cel"},"content":{"rendered":"<p>Mar i Cel \u00e9s una obra de teatre que tracta d&#8217;uns musulmans expulsats d&#8217;Espanya que han segrestat a uns cristians per a guanyar diners amb el rescat. Passen varies coses a la hist\u00f2ria, per\u00f2 la m\u00e9s important \u00e9s quan en Sa\u00eft i la Blanca s&#8217;enamoren. \u00c9s com Romeu i Julieta en diferent format. Dos persones que s&#8217;estimen, per\u00f2 s\u00f3n de &#8220;b\u00e0ndols contraris&#8221; i no poden estar junts. Al final, acaben morint tots els del vaixell.<\/p>\n<p>Jo, personalment vaig anar amb els meus pares al Teatre Vict\u00f2ria a veure la obra en directe, i, impressiona molt m\u00e9s en directe. A la classe, no va ser tant impressionant com en directe i, com ja l&#8217;havia vist, no li vaig prestar molta atenci\u00f3. Es molt bonic de veure i a mi em va agradar molt.<\/p>\n","protected":false},"excerpt":{"rendered":"<p>Mar i Cel \u00e9s una obra de teatre que tracta d&#8217;uns musulmans expulsats d&#8217;Espanya que han segrestat a uns cristians per a guanyar diners amb el rescat. Passen&#8230;<\/p>\n","protected":false},"author":19,"featured_media":355,"comment_status":"open","ping_status":"open","sticky":false,"template":"","format":"standard","meta":{"footnotes":""},"categories":[1],"tags":[],"_links":{"self":[{"href":"https:\/\/institutviladomat.cat\/portfoli\/15marbernet\/wp-json\/wp\/v2\/posts\/354"}],"collection":[{"href":"https:\/\/institutviladomat.cat\/portfoli\/15marbernet\/wp-json\/wp\/v2\/posts"}],"about":[{"href":"https:\/\/institutviladomat.cat\/portfoli\/15marbernet\/wp-json\/wp\/v2\/types\/post"}],"author":[{"embeddable":true,"href":"https:\/\/institutviladomat.cat\/portfoli\/15marbernet\/wp-json\/wp\/v2\/users\/19"}],"replies":[{"embeddable":true,"href":"https:\/\/institutviladomat.cat\/portfoli\/15marbernet\/wp-json\/wp\/v2\/comments?post=354"}],"version-history":[{"count":1,"href":"https:\/\/institutviladomat.cat\/portfoli\/15marbernet\/wp-json\/wp\/v2\/posts\/354\/revisions"}],"predecessor-version":[{"id":356,"href":"https:\/\/institutviladomat.cat\/portfoli\/15marbernet\/wp-json\/wp\/v2\/posts\/354\/revisions\/356"}],"wp:featuredmedia":[{"embeddable":true,"href":"https:\/\/institutviladomat.cat\/portfoli\/15marbernet\/wp-json\/wp\/v2\/media\/355"}],"wp:attachment":[{"href":"https:\/\/institutviladomat.cat\/portfoli\/15marbernet\/wp-json\/wp\/v2\/media?parent=354"}],"wp:term":[{"taxonomy":"category","embeddable":true,"href":"https:\/\/institutviladomat.cat\/portfoli\/15marbernet\/wp-json\/wp\/v2\/categories?post=354"},{"taxonomy":"post_tag","embeddable":true,"href":"https:\/\/institutviladomat.cat\/portfoli\/15marbernet\/wp-json\/wp\/v2\/tags?post=354"}],"curies":[{"name":"wp","href":"https:\/\/api.w.org\/{rel}","templated":true}]}}