{"id":357,"date":"2017-11-24T20:54:00","date_gmt":"2017-11-24T20:54:00","guid":{"rendered":"http:\/\/institutviladomat.cat\/portfoli\/15marbernet\/?p=357"},"modified":"2017-11-24T20:54:00","modified_gmt":"2017-11-24T20:54:00","slug":"el-taller-que-estic-fent-plastica","status":"publish","type":"post","link":"https:\/\/institutviladomat.cat\/portfoli\/15marbernet\/2017\/11\/24\/el-taller-que-estic-fent-plastica\/","title":{"rendered":"El taller que estic fent: Pl\u00e0stica"},"content":{"rendered":"<p>El taller que estic fent aquest primer trimestre \u00e9s Visual i Pl\u00e0stica. M&#8217;agrada bastant per que podem estar treballant, escoltant m\u00fasica, xerrant,&#8230; El clima de la classe quan estem pintant o dibuixant; \u00e9s molt bo. A mi al menys em dona aquesta sensaci\u00f3 de que estem treballant b\u00e9 cada un amb el seu treball, dibuixant, fet esbossos, pintant&#8230;<\/p>\n<p>Una de les coses que no m&#8217;agrada es que la majoria de feines s\u00f3n d&#8217;imaginaci\u00f3 i jo no en tinc molta&#8230;<\/p>\n<p>No hi ha gaire coses negatives per que la veritat es que m&#8217;agrada bastant aquesta classe.<\/p>\n","protected":false},"excerpt":{"rendered":"<p>El taller que estic fent aquest primer trimestre \u00e9s Visual i Pl\u00e0stica. M&#8217;agrada bastant per que podem estar treballant, escoltant m\u00fasica, xerrant,&#8230; El clima de la classe quan&#8230;<\/p>\n","protected":false},"author":19,"featured_media":358,"comment_status":"open","ping_status":"open","sticky":false,"template":"","format":"standard","meta":{"footnotes":""},"categories":[1],"tags":[],"_links":{"self":[{"href":"https:\/\/institutviladomat.cat\/portfoli\/15marbernet\/wp-json\/wp\/v2\/posts\/357"}],"collection":[{"href":"https:\/\/institutviladomat.cat\/portfoli\/15marbernet\/wp-json\/wp\/v2\/posts"}],"about":[{"href":"https:\/\/institutviladomat.cat\/portfoli\/15marbernet\/wp-json\/wp\/v2\/types\/post"}],"author":[{"embeddable":true,"href":"https:\/\/institutviladomat.cat\/portfoli\/15marbernet\/wp-json\/wp\/v2\/users\/19"}],"replies":[{"embeddable":true,"href":"https:\/\/institutviladomat.cat\/portfoli\/15marbernet\/wp-json\/wp\/v2\/comments?post=357"}],"version-history":[{"count":1,"href":"https:\/\/institutviladomat.cat\/portfoli\/15marbernet\/wp-json\/wp\/v2\/posts\/357\/revisions"}],"predecessor-version":[{"id":359,"href":"https:\/\/institutviladomat.cat\/portfoli\/15marbernet\/wp-json\/wp\/v2\/posts\/357\/revisions\/359"}],"wp:featuredmedia":[{"embeddable":true,"href":"https:\/\/institutviladomat.cat\/portfoli\/15marbernet\/wp-json\/wp\/v2\/media\/358"}],"wp:attachment":[{"href":"https:\/\/institutviladomat.cat\/portfoli\/15marbernet\/wp-json\/wp\/v2\/media?parent=357"}],"wp:term":[{"taxonomy":"category","embeddable":true,"href":"https:\/\/institutviladomat.cat\/portfoli\/15marbernet\/wp-json\/wp\/v2\/categories?post=357"},{"taxonomy":"post_tag","embeddable":true,"href":"https:\/\/institutviladomat.cat\/portfoli\/15marbernet\/wp-json\/wp\/v2\/tags?post=357"}],"curies":[{"name":"wp","href":"https:\/\/api.w.org\/{rel}","templated":true}]}}