{"id":369,"date":"2017-12-01T18:31:35","date_gmt":"2017-12-01T18:31:35","guid":{"rendered":"http:\/\/institutviladomat.cat\/portfoli\/15marbernet\/?p=369"},"modified":"2017-12-01T18:31:35","modified_gmt":"2017-12-01T18:31:35","slug":"limbo-performance","status":"publish","type":"post","link":"https:\/\/institutviladomat.cat\/portfoli\/15marbernet\/2017\/12\/01\/limbo-performance\/","title":{"rendered":"LIMBO PERFORMANCE"},"content":{"rendered":"<p>Avui hem anat a la Biblioteca Agust\u00ed Centelles, al Centre C\u00edvic Urgell, on hem pogut veure l&#8217;obra de Limbo. L&#8217;obra ha durat 1 hora i m&#8217;ha agradat molt. Tractava d&#8217;una noia que es diu Berta que vol ser l&#8217;Albert. Tota la obra tracta de tot el pas que ha de passar alg\u00fa que no es sent el que \u00e9s. Parlava de la forma en que es sent una persona transexual, les parts femenines i masculines. \u00c9s dur no pder mostrar el que ets per la societat, el que poden pensar de tu, que poden dir..<\/p>\n<p>Crec que \u00e9s un tema tab\u00fa que s&#8217;ha de poder parlar sense embuts. La obra m&#8217;ha agradat molt per el context que t\u00e9, per\u00f2 per les danses i per com ho representaven tamb\u00e9.<\/p>\n<p>&nbsp;<\/p>\n","protected":false},"excerpt":{"rendered":"<p>Avui hem anat a la Biblioteca Agust\u00ed Centelles, al Centre C\u00edvic Urgell, on hem pogut veure l&#8217;obra de Limbo. L&#8217;obra ha durat 1 hora i m&#8217;ha agradat molt&#8230;.<\/p>\n","protected":false},"author":19,"featured_media":371,"comment_status":"open","ping_status":"open","sticky":false,"template":"","format":"standard","meta":{"footnotes":""},"categories":[1],"tags":[],"_links":{"self":[{"href":"https:\/\/institutviladomat.cat\/portfoli\/15marbernet\/wp-json\/wp\/v2\/posts\/369"}],"collection":[{"href":"https:\/\/institutviladomat.cat\/portfoli\/15marbernet\/wp-json\/wp\/v2\/posts"}],"about":[{"href":"https:\/\/institutviladomat.cat\/portfoli\/15marbernet\/wp-json\/wp\/v2\/types\/post"}],"author":[{"embeddable":true,"href":"https:\/\/institutviladomat.cat\/portfoli\/15marbernet\/wp-json\/wp\/v2\/users\/19"}],"replies":[{"embeddable":true,"href":"https:\/\/institutviladomat.cat\/portfoli\/15marbernet\/wp-json\/wp\/v2\/comments?post=369"}],"version-history":[{"count":3,"href":"https:\/\/institutviladomat.cat\/portfoli\/15marbernet\/wp-json\/wp\/v2\/posts\/369\/revisions"}],"predecessor-version":[{"id":373,"href":"https:\/\/institutviladomat.cat\/portfoli\/15marbernet\/wp-json\/wp\/v2\/posts\/369\/revisions\/373"}],"wp:featuredmedia":[{"embeddable":true,"href":"https:\/\/institutviladomat.cat\/portfoli\/15marbernet\/wp-json\/wp\/v2\/media\/371"}],"wp:attachment":[{"href":"https:\/\/institutviladomat.cat\/portfoli\/15marbernet\/wp-json\/wp\/v2\/media?parent=369"}],"wp:term":[{"taxonomy":"category","embeddable":true,"href":"https:\/\/institutviladomat.cat\/portfoli\/15marbernet\/wp-json\/wp\/v2\/categories?post=369"},{"taxonomy":"post_tag","embeddable":true,"href":"https:\/\/institutviladomat.cat\/portfoli\/15marbernet\/wp-json\/wp\/v2\/tags?post=369"}],"curies":[{"name":"wp","href":"https:\/\/api.w.org\/{rel}","templated":true}]}}