{"id":385,"date":"2017-12-19T12:57:41","date_gmt":"2017-12-19T12:57:41","guid":{"rendered":"http:\/\/institutviladomat.cat\/portfoli\/15marbernet\/?p=385"},"modified":"2017-12-19T13:00:09","modified_gmt":"2017-12-19T13:00:09","slug":"the-theory-of-everyting","status":"publish","type":"post","link":"https:\/\/institutviladomat.cat\/portfoli\/15marbernet\/2017\/12\/19\/the-theory-of-everyting\/","title":{"rendered":"The Theory Of Everyting"},"content":{"rendered":"<p>El 18 desembre vam veure la pel\u00b7l\u00edcula de la teoria del tot. Tractava d&#8217;un noi que estudiava ci\u00e8ncies.\u00a0 Va anar a una festa, on va con\u00e8ixer a la Jane. Van comen\u00e7ar a quedar fins que un dia va caure i el van portar a l&#8217;hospital. Li van detectar la malaltia de la neurona motora. Quan ho sap, li explica al seu millor amic, en Brian i a la Jane. Decideix no parlar amb ning\u00fa fins que la Jane li diu que l&#8217;estima. Es casen i tenen un fill. Despr\u00e9s en tenen un m\u00e9s. L&#8217;Steven, empitjora, ja no pot caminar gaire b\u00e9. Decideixen comprar-li una cadira de rodes. Passa un temps i va empitjorant. Li compren una cadira autom\u00e0tica. Un dia, el conviden a una convenci\u00f3 per a recollir un premi i s&#8217;ofega. El porten a l&#8217;hospital i li fan un forat a la gola. Si li fan, no podr\u00e0 tornar a parlar. La Jane decideix fer-li perqu\u00e8 ha de viure. Decideixen buscar ajuda i la Jane, per proposta de la seva mare, va a cantar a l&#8217;esgl\u00e9sia. All\u00e0 coneix a en Jonathan, que els ajuda a cuidar els 2 fills i a cuidar l&#8217;Steven. Entre en\u00a0Jonathan i la Jane hi ha alguna cosa. La Jane i l&#8217;Steven tenen un fill. Tothom sospita que \u00e9s de en\u00a0Jonathan per\u00f2 en realitat \u00e9s de l&#8217;Steven. Al final, la Jane i l&#8217;Steven es separen, quan ja porta una cadira de rodes autom\u00e0tica i una pantalla que parla per ell. La Jane se&#8217;n va amb en\u00a0Jonathan i l&#8217;Steven amb la seva cuidadora, Elaine.<\/p>\n<p>&nbsp;<\/p>\n<p>M&#8217;ha agradat molt la pal\u00edcula encara que sigui molt trista. He pogut veure com de frustrant es la vida quan no tens les capacitats &#8220;normals&#8221;.<\/p>\n","protected":false},"excerpt":{"rendered":"<p>El 18 desembre vam veure la pel\u00b7l\u00edcula de la teoria del tot. Tractava d&#8217;un noi que estudiava ci\u00e8ncies.\u00a0 Va anar a una festa, on va con\u00e8ixer a la&#8230;<\/p>\n","protected":false},"author":19,"featured_media":387,"comment_status":"open","ping_status":"open","sticky":false,"template":"","format":"standard","meta":{"footnotes":""},"categories":[1],"tags":[],"_links":{"self":[{"href":"https:\/\/institutviladomat.cat\/portfoli\/15marbernet\/wp-json\/wp\/v2\/posts\/385"}],"collection":[{"href":"https:\/\/institutviladomat.cat\/portfoli\/15marbernet\/wp-json\/wp\/v2\/posts"}],"about":[{"href":"https:\/\/institutviladomat.cat\/portfoli\/15marbernet\/wp-json\/wp\/v2\/types\/post"}],"author":[{"embeddable":true,"href":"https:\/\/institutviladomat.cat\/portfoli\/15marbernet\/wp-json\/wp\/v2\/users\/19"}],"replies":[{"embeddable":true,"href":"https:\/\/institutviladomat.cat\/portfoli\/15marbernet\/wp-json\/wp\/v2\/comments?post=385"}],"version-history":[{"count":1,"href":"https:\/\/institutviladomat.cat\/portfoli\/15marbernet\/wp-json\/wp\/v2\/posts\/385\/revisions"}],"predecessor-version":[{"id":386,"href":"https:\/\/institutviladomat.cat\/portfoli\/15marbernet\/wp-json\/wp\/v2\/posts\/385\/revisions\/386"}],"wp:featuredmedia":[{"embeddable":true,"href":"https:\/\/institutviladomat.cat\/portfoli\/15marbernet\/wp-json\/wp\/v2\/media\/387"}],"wp:attachment":[{"href":"https:\/\/institutviladomat.cat\/portfoli\/15marbernet\/wp-json\/wp\/v2\/media?parent=385"}],"wp:term":[{"taxonomy":"category","embeddable":true,"href":"https:\/\/institutviladomat.cat\/portfoli\/15marbernet\/wp-json\/wp\/v2\/categories?post=385"},{"taxonomy":"post_tag","embeddable":true,"href":"https:\/\/institutviladomat.cat\/portfoli\/15marbernet\/wp-json\/wp\/v2\/tags?post=385"}],"curies":[{"name":"wp","href":"https:\/\/api.w.org\/{rel}","templated":true}]}}