{"id":391,"date":"2018-01-19T18:37:29","date_gmt":"2018-01-19T18:37:29","guid":{"rendered":"http:\/\/institutviladomat.cat\/portfoli\/15marbernet\/?p=391"},"modified":"2018-01-19T18:51:12","modified_gmt":"2018-01-19T18:51:12","slug":"eudald-vendrell","status":"publish","type":"post","link":"https:\/\/institutviladomat.cat\/portfoli\/15marbernet\/2018\/01\/19\/eudald-vendrell\/","title":{"rendered":"Eudald Vendrell"},"content":{"rendered":"<p>L&#8217;Eduald Vendrell va venir a l&#8217;institut el dia 8 de gener de 2018. Ens va explicar moltes coses, entre elles, que eren els drets, els drets humans, d&#8217;on venen els drets, drets sobre els negres, la declaraci\u00f3 dels drets humans, &#8230;<\/p>\n<p>El drets s\u00f3n un conjunt de normes que serveixen per assegurar a les persones, els drets de les persones.\u00a0 El nostre sistema de just\u00edcia ve de roma. Encara hi ha algunes coses que es pensen com abans. I els drets humans consisteixen en ser; iguals, lliures i fraterns.<\/p>\n<p>Al 1857 encara deien que els negres no tenien drets i no podrien optar per a cap dels drets. Tamb\u00e9 deien; els blancs sempre tindr\u00e0 m\u00e9s poder que el negre.<\/p>\n<p>No va ser fins al 1948 quan es va fer la declaraci\u00f3 dels drets humans. Els drets humans s\u00f3n el respecte que mereix tot tipus de persona. Serveix per a tota la humanitat.<\/p>\n<p>2011 es diu que una persona adquireix tots els seus drets quan neix. Abans, si el nad\u00f3 tenia una deformitat, no es considerava persona. Havia de passar 24 hores separat de la seva mare, i si moria, no era considerat mai persona. Si vivia, si que es considerava persona.<\/p>\n<p>&nbsp;<\/p>\n","protected":false},"excerpt":{"rendered":"<p>L&#8217;Eduald Vendrell va venir a l&#8217;institut el dia 8 de gener de 2018. Ens va explicar moltes coses, entre elles, que eren els drets, els drets humans, d&#8217;on&#8230;<\/p>\n","protected":false},"author":19,"featured_media":394,"comment_status":"open","ping_status":"open","sticky":false,"template":"","format":"standard","meta":{"footnotes":""},"categories":[1],"tags":[],"_links":{"self":[{"href":"https:\/\/institutviladomat.cat\/portfoli\/15marbernet\/wp-json\/wp\/v2\/posts\/391"}],"collection":[{"href":"https:\/\/institutviladomat.cat\/portfoli\/15marbernet\/wp-json\/wp\/v2\/posts"}],"about":[{"href":"https:\/\/institutviladomat.cat\/portfoli\/15marbernet\/wp-json\/wp\/v2\/types\/post"}],"author":[{"embeddable":true,"href":"https:\/\/institutviladomat.cat\/portfoli\/15marbernet\/wp-json\/wp\/v2\/users\/19"}],"replies":[{"embeddable":true,"href":"https:\/\/institutviladomat.cat\/portfoli\/15marbernet\/wp-json\/wp\/v2\/comments?post=391"}],"version-history":[{"count":2,"href":"https:\/\/institutviladomat.cat\/portfoli\/15marbernet\/wp-json\/wp\/v2\/posts\/391\/revisions"}],"predecessor-version":[{"id":395,"href":"https:\/\/institutviladomat.cat\/portfoli\/15marbernet\/wp-json\/wp\/v2\/posts\/391\/revisions\/395"}],"wp:featuredmedia":[{"embeddable":true,"href":"https:\/\/institutviladomat.cat\/portfoli\/15marbernet\/wp-json\/wp\/v2\/media\/394"}],"wp:attachment":[{"href":"https:\/\/institutviladomat.cat\/portfoli\/15marbernet\/wp-json\/wp\/v2\/media?parent=391"}],"wp:term":[{"taxonomy":"category","embeddable":true,"href":"https:\/\/institutviladomat.cat\/portfoli\/15marbernet\/wp-json\/wp\/v2\/categories?post=391"},{"taxonomy":"post_tag","embeddable":true,"href":"https:\/\/institutviladomat.cat\/portfoli\/15marbernet\/wp-json\/wp\/v2\/tags?post=391"}],"curies":[{"name":"wp","href":"https:\/\/api.w.org\/{rel}","templated":true}]}}