{"id":420,"date":"2018-03-02T12:07:30","date_gmt":"2018-03-02T12:07:30","guid":{"rendered":"http:\/\/institutviladomat.cat\/portfoli\/15marbernet\/?p=420"},"modified":"2018-03-02T15:49:29","modified_gmt":"2018-03-02T15:49:29","slug":"figures-ocultes","status":"publish","type":"post","link":"https:\/\/institutviladomat.cat\/portfoli\/15marbernet\/2018\/03\/02\/figures-ocultes\/","title":{"rendered":"Figures ocultes"},"content":{"rendered":"<p>Vam veure la pel\u00b7l\u00edcula de Hidden Figures o Figures Ocultes. Tractava de tres noies negres que treballaven a la NASA. Eren molt bones, una fent c\u00e0lculs, l&#8217;altre fent d&#8217;enginyera i l&#8217;altre de programadora d&#8217;ordinadors. Les tres estaven en un edifici per &#8220;gent de color&#8221; treballant fent c\u00e0lculs per a programar calculadores. Un dia venen a buscar a una de les tres per que treballi en un despatx calculant la pot\u00e8ncia i la velocitat que ha de tenir la nau que han d&#8217;enviar a l&#8217;espai. Ella \u00e9s la \u00fanica dona i a m\u00e9s negra en el despatx en el que treballa. Quan beu caf\u00e8, l&#8217;agafa de la cafetera, com tots. Els homes que estan treballant li posen una cafetera per a &#8220;gent de color&#8221;. Ella s&#8217;enfada per\u00f2 no pot dir res. A part, cada dia surt del despatx 40 minuts i deixa de treballar per anar al lavabo. El cap li pregunta on va, i ella li contesta que ha d&#8217;anar al lavabo, per\u00f2 que el seu lavabo per &#8220;gent de color&#8221; est\u00e0 l&#8217;altre punta de l&#8217;edifici. A part tamb\u00e9 es queixa de la cafetera. El cap, trenca els cartells de &#8220;per gent de color&#8221; i els hi diu que poden utilitzar el lavabo que vulguin. Ella li agraeix molt aquest gest. Una altra de les tres tamb\u00e9 la escullen per que faci de enginyera i que faci la nau. A la \u00faltima de les tres, tamb\u00e9 l&#8217;agafen per que configuri una ordinador que fa els c\u00e0lculs, en el que els homes que hi estan treballant, no ho poden fer.<\/p>\n<p>En aquesta pel\u00b7l\u00edcula es fa una representaci\u00f3 de l&#8217;apartheid. Em va agradar molt la pel\u00b7l\u00edcula, ja que al final les tres dones aconsegueixen el que volen malgrat el que se&#8217;ls hi pos\u00e9s per davant.<\/p>\n<p><img decoding=\"async\" loading=\"lazy\" class=\"\" src=\"https:\/\/s-media-cache-ak0.pinimg.com\/originals\/70\/45\/62\/704562a50a82699d8c1ee0fa21740758.jpg\" alt=\"Resultat d'imatges de apartheid water\" width=\"567\" height=\"369\" \/><\/p>\n","protected":false},"excerpt":{"rendered":"<p>Vam veure la pel\u00b7l\u00edcula de Hidden Figures o Figures Ocultes. Tractava de tres noies negres que treballaven a la NASA. Eren molt bones, una fent c\u00e0lculs, l&#8217;altre fent&#8230;<\/p>\n","protected":false},"author":19,"featured_media":421,"comment_status":"open","ping_status":"open","sticky":false,"template":"","format":"standard","meta":{"footnotes":""},"categories":[1],"tags":[],"_links":{"self":[{"href":"https:\/\/institutviladomat.cat\/portfoli\/15marbernet\/wp-json\/wp\/v2\/posts\/420"}],"collection":[{"href":"https:\/\/institutviladomat.cat\/portfoli\/15marbernet\/wp-json\/wp\/v2\/posts"}],"about":[{"href":"https:\/\/institutviladomat.cat\/portfoli\/15marbernet\/wp-json\/wp\/v2\/types\/post"}],"author":[{"embeddable":true,"href":"https:\/\/institutviladomat.cat\/portfoli\/15marbernet\/wp-json\/wp\/v2\/users\/19"}],"replies":[{"embeddable":true,"href":"https:\/\/institutviladomat.cat\/portfoli\/15marbernet\/wp-json\/wp\/v2\/comments?post=420"}],"version-history":[{"count":5,"href":"https:\/\/institutviladomat.cat\/portfoli\/15marbernet\/wp-json\/wp\/v2\/posts\/420\/revisions"}],"predecessor-version":[{"id":436,"href":"https:\/\/institutviladomat.cat\/portfoli\/15marbernet\/wp-json\/wp\/v2\/posts\/420\/revisions\/436"}],"wp:featuredmedia":[{"embeddable":true,"href":"https:\/\/institutviladomat.cat\/portfoli\/15marbernet\/wp-json\/wp\/v2\/media\/421"}],"wp:attachment":[{"href":"https:\/\/institutviladomat.cat\/portfoli\/15marbernet\/wp-json\/wp\/v2\/media?parent=420"}],"wp:term":[{"taxonomy":"category","embeddable":true,"href":"https:\/\/institutviladomat.cat\/portfoli\/15marbernet\/wp-json\/wp\/v2\/categories?post=420"},{"taxonomy":"post_tag","embeddable":true,"href":"https:\/\/institutviladomat.cat\/portfoli\/15marbernet\/wp-json\/wp\/v2\/tags?post=420"}],"curies":[{"name":"wp","href":"https:\/\/api.w.org\/{rel}","templated":true}]}}