{"id":437,"date":"2018-03-02T16:26:39","date_gmt":"2018-03-02T16:26:39","guid":{"rendered":"http:\/\/institutviladomat.cat\/portfoli\/15marbernet\/?p=437"},"modified":"2018-03-02T16:28:27","modified_gmt":"2018-03-02T16:28:27","slug":"vall-de-nuria","status":"publish","type":"post","link":"https:\/\/institutviladomat.cat\/portfoli\/15marbernet\/2018\/03\/02\/vall-de-nuria\/","title":{"rendered":"Vall de N\u00faria"},"content":{"rendered":"<p>El cap de setmana del 24 i el 25 els meus tiets, els meus cosins, els meus pares i la meva germana vam pujar a Vall de N\u00faria. Vam arribar el dissabte a les 9. Vam arribar a l&#8217;hotel, vam deixar les coses i vam anar a buscar els esquis. Vam posar-nos els esquis i vam anar a les pistes. El meu cos\u00ed ja havia esquiat per\u00f2 ni la meva cosina ni la meva germana ni jo ho hav\u00edem fet. Elles dues van caure unes quantes vegades per\u00f2 a mi se&#8217;m va donar b\u00e9.\u00a0 El meu cos\u00ed jo estavem esquiant i vam par a per descansar i la meva cosina i la meva germana van seguir esquiant. Vam anar a l&#8217;hotel, ens vam canviar i vam dinar. Despr\u00e9s vam sortir un altre cop i ens vam posar els esquis i vam tornar a esquiar. Cap a les 5 vam plegar i vam anar a prendre una cacaolat calent al bar. Quan estavem tornant del bar, estaven a punt de comen\u00e7ar un mon\u00f2leg i ens vam quedar a escoltar-lo. Va ser molt divertit. vam tornar a l&#8217;habitaci\u00f3 i vam sopar per que ja eren les 8. L&#8217;endem\u00e0 vam anar a passejar al voltant del llac i vam jugar amb la neu. Vam tornar a l&#8217;hotel, vam recollir les coses i vam tornar cap a Barcelona.<\/p>\n","protected":false},"excerpt":{"rendered":"<p>El cap de setmana del 24 i el 25 els meus tiets, els meus cosins, els meus pares i la meva germana vam pujar a Vall de N\u00faria&#8230;.<\/p>\n","protected":false},"author":19,"featured_media":438,"comment_status":"open","ping_status":"open","sticky":false,"template":"","format":"standard","meta":{"footnotes":""},"categories":[1],"tags":[],"_links":{"self":[{"href":"https:\/\/institutviladomat.cat\/portfoli\/15marbernet\/wp-json\/wp\/v2\/posts\/437"}],"collection":[{"href":"https:\/\/institutviladomat.cat\/portfoli\/15marbernet\/wp-json\/wp\/v2\/posts"}],"about":[{"href":"https:\/\/institutviladomat.cat\/portfoli\/15marbernet\/wp-json\/wp\/v2\/types\/post"}],"author":[{"embeddable":true,"href":"https:\/\/institutviladomat.cat\/portfoli\/15marbernet\/wp-json\/wp\/v2\/users\/19"}],"replies":[{"embeddable":true,"href":"https:\/\/institutviladomat.cat\/portfoli\/15marbernet\/wp-json\/wp\/v2\/comments?post=437"}],"version-history":[{"count":1,"href":"https:\/\/institutviladomat.cat\/portfoli\/15marbernet\/wp-json\/wp\/v2\/posts\/437\/revisions"}],"predecessor-version":[{"id":439,"href":"https:\/\/institutviladomat.cat\/portfoli\/15marbernet\/wp-json\/wp\/v2\/posts\/437\/revisions\/439"}],"wp:featuredmedia":[{"embeddable":true,"href":"https:\/\/institutviladomat.cat\/portfoli\/15marbernet\/wp-json\/wp\/v2\/media\/438"}],"wp:attachment":[{"href":"https:\/\/institutviladomat.cat\/portfoli\/15marbernet\/wp-json\/wp\/v2\/media?parent=437"}],"wp:term":[{"taxonomy":"category","embeddable":true,"href":"https:\/\/institutviladomat.cat\/portfoli\/15marbernet\/wp-json\/wp\/v2\/categories?post=437"},{"taxonomy":"post_tag","embeddable":true,"href":"https:\/\/institutviladomat.cat\/portfoli\/15marbernet\/wp-json\/wp\/v2\/tags?post=437"}],"curies":[{"name":"wp","href":"https:\/\/api.w.org\/{rel}","templated":true}]}}