{"id":441,"date":"2018-03-02T16:57:02","date_gmt":"2018-03-02T16:57:02","guid":{"rendered":"http:\/\/institutviladomat.cat\/portfoli\/15marbernet\/?p=441"},"modified":"2018-04-09T06:31:30","modified_gmt":"2018-04-09T06:31:30","slug":"canyes-i-petes","status":"publish","type":"post","link":"https:\/\/institutviladomat.cat\/portfoli\/15marbernet\/2018\/03\/02\/canyes-i-petes\/","title":{"rendered":"Canyes i petes!"},"content":{"rendered":"<p>A la tutoria estem tractant un el programa sobre canyes i petes. Ens han repartit un dossier on hi han activitats per fer i espais per fer reflexions. Ens posen v\u00eddeos on es poden fer reflexions sobre les conseq\u00fc\u00e8ncies de beure o fumar. Tamb\u00e9 fem debats i tractem el tema de la pressi\u00f3 social. A una de les \u00faltimes sessions, hi havia una activitat on s&#8217;havien de fer uns personatges i representar una escena davant de la classe. Ho vam fer la Berta, l&#8217;arnau el Xavi i jo. L&#8217;Arnau feia del t\u00edpic que fuma i que no li passava mai res. La Berta de noia que tamb\u00e9 fumava, per\u00f2 no estava tant enganxada. El Xavi feia de noi que ho havia provat per\u00f2 que no en volia perqu\u00e8 ja ho va provar i no volia. I jo feia de noia que no ho volia provar i que estava sotmesa a la pressi\u00f3 social dels seus dos amics. La Berta i l&#8217;Arnau feien que estaven fumant al banc del parc i arribavem el Xavi i jo. Ells dos no ens paraven d&#8217;oferir provar el peta, per\u00f2 nosaltres no en vol\u00edem. Se suposa que jo era la que estava sotmesa a la pressi\u00f3 social perqu\u00e8 no en volia i no paraven d&#8217;oferir-me&#8217;n.<\/p>\n<p>Aquesta activitat va estar b\u00e9 per poder saber que aix\u00f2 passa a la vida real i hem de saber que no tothom ho vol provar o fer. Em va agradar fer-la.<\/p>\n<h3><strong>VALORACI\u00d3 DEL PROGRAMA:<\/strong><\/h3>\n<p>M&#8217;ha agradat els roleplays que hem fet per posar-nos en situaci\u00f3, entendre com es senten, que pensen, etc&#8230;<\/p>\n<p>He apr\u00e8s que sempre hi ha riscos a la hora de fumar o beure, ja estiguis sol o amb els amics. S&#8217;ha de saber di que no, a no deixar-se influenciar&#8230;. Tamb\u00e9 he apr\u00e8s coses sobre la teoria del consum del tabac i l&#8217;alcohol, com afecten aquests al nostre cos, etc&#8230;<\/p>\n<p>El que canviaria d&#8217;aquest programa es que les situacions tinguessin temes m\u00e9s diversos, que hi entres, per exemple, la reacci\u00f3 dels pares, dels amics al saber que ha passat un incident d&#8217;aquests, o que passaria despr\u00e8s a casa.\u00a0 Tamb\u00e9 canviaria els v\u00eddeos que vam fer posant-nos en situaci\u00f3.<\/p>\n","protected":false},"excerpt":{"rendered":"<p>A la tutoria estem tractant un el programa sobre canyes i petes. Ens han repartit un dossier on hi han activitats per fer i espais per fer reflexions&#8230;.<\/p>\n","protected":false},"author":19,"featured_media":444,"comment_status":"open","ping_status":"open","sticky":false,"template":"","format":"standard","meta":{"footnotes":""},"categories":[44,1],"tags":[],"_links":{"self":[{"href":"https:\/\/institutviladomat.cat\/portfoli\/15marbernet\/wp-json\/wp\/v2\/posts\/441"}],"collection":[{"href":"https:\/\/institutviladomat.cat\/portfoli\/15marbernet\/wp-json\/wp\/v2\/posts"}],"about":[{"href":"https:\/\/institutviladomat.cat\/portfoli\/15marbernet\/wp-json\/wp\/v2\/types\/post"}],"author":[{"embeddable":true,"href":"https:\/\/institutviladomat.cat\/portfoli\/15marbernet\/wp-json\/wp\/v2\/users\/19"}],"replies":[{"embeddable":true,"href":"https:\/\/institutviladomat.cat\/portfoli\/15marbernet\/wp-json\/wp\/v2\/comments?post=441"}],"version-history":[{"count":6,"href":"https:\/\/institutviladomat.cat\/portfoli\/15marbernet\/wp-json\/wp\/v2\/posts\/441\/revisions"}],"predecessor-version":[{"id":507,"href":"https:\/\/institutviladomat.cat\/portfoli\/15marbernet\/wp-json\/wp\/v2\/posts\/441\/revisions\/507"}],"wp:featuredmedia":[{"embeddable":true,"href":"https:\/\/institutviladomat.cat\/portfoli\/15marbernet\/wp-json\/wp\/v2\/media\/444"}],"wp:attachment":[{"href":"https:\/\/institutviladomat.cat\/portfoli\/15marbernet\/wp-json\/wp\/v2\/media?parent=441"}],"wp:term":[{"taxonomy":"category","embeddable":true,"href":"https:\/\/institutviladomat.cat\/portfoli\/15marbernet\/wp-json\/wp\/v2\/categories?post=441"},{"taxonomy":"post_tag","embeddable":true,"href":"https:\/\/institutviladomat.cat\/portfoli\/15marbernet\/wp-json\/wp\/v2\/tags?post=441"}],"curies":[{"name":"wp","href":"https:\/\/api.w.org\/{rel}","templated":true}]}}