{"id":445,"date":"2018-03-02T17:23:25","date_gmt":"2018-03-02T17:23:25","guid":{"rendered":"http:\/\/institutviladomat.cat\/portfoli\/15marbernet\/?p=445"},"modified":"2018-03-09T13:03:09","modified_gmt":"2018-03-09T13:03:09","slug":"la-tardis","status":"publish","type":"post","link":"https:\/\/institutviladomat.cat\/portfoli\/15marbernet\/2018\/03\/02\/la-tardis\/","title":{"rendered":"La tardis"},"content":{"rendered":"<p>A socials estem fent un treball que tracta sobre la tardis. \u00c9s com si f\u00e9ssim un viatge en el temps. Viatge per l&#8217;espai per arribar als anys de Crist\u00f2fol Colom i per contestar preguntes de com eren les coses all\u00e0. Per aix\u00f2 hem creat el <a href=\"https:\/\/sites.google.com\/institutviladomat.cat\/viatgemamblatardismarimarta\/inici\" target=\"_blank\" rel=\"noopener\">bloc de viatge.<\/a>\u00a0La tardis ens envia correus amb noms de llocs i dates per que les investiguem. Hem de buscar el lloc i data exacte i respondre les preguntes que inclouen els correus. Molts cops hi havien varies dates i llocs per que pogu\u00e9ssim escollir les dates que volgu\u00e9ssim.<\/p>\n<p>El Jordi ens va deixar escollir la parella i jo anava amb la Marta. Ha sigut una activitat interessant i ha sigut diferent a les dem\u00e9s. Treballar en parelles diferents a les del grup ha estat b\u00e9 i ho podr\u00edem fer m\u00e9s sovint.<\/p>\n<p>&nbsp;<\/p>\n","protected":false},"excerpt":{"rendered":"<p>A socials estem fent un treball que tracta sobre la tardis. \u00c9s com si f\u00e9ssim un viatge en el temps. Viatge per l&#8217;espai per arribar als anys de&#8230;<\/p>\n","protected":false},"author":19,"featured_media":447,"comment_status":"open","ping_status":"open","sticky":false,"template":"","format":"standard","meta":{"footnotes":""},"categories":[1],"tags":[],"_links":{"self":[{"href":"https:\/\/institutviladomat.cat\/portfoli\/15marbernet\/wp-json\/wp\/v2\/posts\/445"}],"collection":[{"href":"https:\/\/institutviladomat.cat\/portfoli\/15marbernet\/wp-json\/wp\/v2\/posts"}],"about":[{"href":"https:\/\/institutviladomat.cat\/portfoli\/15marbernet\/wp-json\/wp\/v2\/types\/post"}],"author":[{"embeddable":true,"href":"https:\/\/institutviladomat.cat\/portfoli\/15marbernet\/wp-json\/wp\/v2\/users\/19"}],"replies":[{"embeddable":true,"href":"https:\/\/institutviladomat.cat\/portfoli\/15marbernet\/wp-json\/wp\/v2\/comments?post=445"}],"version-history":[{"count":4,"href":"https:\/\/institutviladomat.cat\/portfoli\/15marbernet\/wp-json\/wp\/v2\/posts\/445\/revisions"}],"predecessor-version":[{"id":468,"href":"https:\/\/institutviladomat.cat\/portfoli\/15marbernet\/wp-json\/wp\/v2\/posts\/445\/revisions\/468"}],"wp:featuredmedia":[{"embeddable":true,"href":"https:\/\/institutviladomat.cat\/portfoli\/15marbernet\/wp-json\/wp\/v2\/media\/447"}],"wp:attachment":[{"href":"https:\/\/institutviladomat.cat\/portfoli\/15marbernet\/wp-json\/wp\/v2\/media?parent=445"}],"wp:term":[{"taxonomy":"category","embeddable":true,"href":"https:\/\/institutviladomat.cat\/portfoli\/15marbernet\/wp-json\/wp\/v2\/categories?post=445"},{"taxonomy":"post_tag","embeddable":true,"href":"https:\/\/institutviladomat.cat\/portfoli\/15marbernet\/wp-json\/wp\/v2\/tags?post=445"}],"curies":[{"name":"wp","href":"https:\/\/api.w.org\/{rel}","templated":true}]}}