{"id":452,"date":"2018-03-02T18:01:06","date_gmt":"2018-03-02T18:01:06","guid":{"rendered":"http:\/\/institutviladomat.cat\/portfoli\/15marbernet\/?p=452"},"modified":"2018-03-02T18:03:12","modified_gmt":"2018-03-02T18:03:12","slug":"carnaval","status":"publish","type":"post","link":"https:\/\/institutviladomat.cat\/portfoli\/15marbernet\/2018\/03\/02\/carnaval\/","title":{"rendered":"Carnaval"},"content":{"rendered":"<p>El passat 9 de febrer vam celebrar el carnaval a l\u2019institut Viladomat. Cadasc\u00fa es va disfressar del que va voler.\u00a0 Les tres primeres hores vam fer classe i les tres \u00faltimes, ens vam disfressar i vam decorar les classes. En el nostre cas, 3r C, vam decorar la classe com si fos un cinema. Va ser una mica caos organitzar-nos per\u00f2 va quedar un resultat\u00a0 bastant guai. Tamb\u00e9 vam juntar unes taules i vam montar un pica-pica al fons de la classe. Cada un va portar coses diferents i va ser bastant divertit. Tamb\u00e9 vam posar m\u00fasica a la classe i vam estar ballant i rient molta estona. Ho vaig passar molt b\u00e9, amb les meves amigues rient i ballant. Despr\u00e8s ens van cridar per anar a fer la desfilada de disfrassos. Va sortir molt b\u00e9 i casi tothom va desfilar. Va estar molt be.<\/p>\n","protected":false},"excerpt":{"rendered":"<p>El passat 9 de febrer vam celebrar el carnaval a l\u2019institut Viladomat. Cadasc\u00fa es va disfressar del que va voler.\u00a0 Les tres primeres hores vam fer classe i&#8230;<\/p>\n","protected":false},"author":19,"featured_media":456,"comment_status":"open","ping_status":"open","sticky":false,"template":"","format":"standard","meta":{"footnotes":""},"categories":[1],"tags":[],"_links":{"self":[{"href":"https:\/\/institutviladomat.cat\/portfoli\/15marbernet\/wp-json\/wp\/v2\/posts\/452"}],"collection":[{"href":"https:\/\/institutviladomat.cat\/portfoli\/15marbernet\/wp-json\/wp\/v2\/posts"}],"about":[{"href":"https:\/\/institutviladomat.cat\/portfoli\/15marbernet\/wp-json\/wp\/v2\/types\/post"}],"author":[{"embeddable":true,"href":"https:\/\/institutviladomat.cat\/portfoli\/15marbernet\/wp-json\/wp\/v2\/users\/19"}],"replies":[{"embeddable":true,"href":"https:\/\/institutviladomat.cat\/portfoli\/15marbernet\/wp-json\/wp\/v2\/comments?post=452"}],"version-history":[{"count":1,"href":"https:\/\/institutviladomat.cat\/portfoli\/15marbernet\/wp-json\/wp\/v2\/posts\/452\/revisions"}],"predecessor-version":[{"id":454,"href":"https:\/\/institutviladomat.cat\/portfoli\/15marbernet\/wp-json\/wp\/v2\/posts\/452\/revisions\/454"}],"wp:featuredmedia":[{"embeddable":true,"href":"https:\/\/institutviladomat.cat\/portfoli\/15marbernet\/wp-json\/wp\/v2\/media\/456"}],"wp:attachment":[{"href":"https:\/\/institutviladomat.cat\/portfoli\/15marbernet\/wp-json\/wp\/v2\/media?parent=452"}],"wp:term":[{"taxonomy":"category","embeddable":true,"href":"https:\/\/institutviladomat.cat\/portfoli\/15marbernet\/wp-json\/wp\/v2\/categories?post=452"},{"taxonomy":"post_tag","embeddable":true,"href":"https:\/\/institutviladomat.cat\/portfoli\/15marbernet\/wp-json\/wp\/v2\/tags?post=452"}],"curies":[{"name":"wp","href":"https:\/\/api.w.org\/{rel}","templated":true}]}}