{"id":473,"date":"2018-03-09T16:15:41","date_gmt":"2018-03-09T16:15:41","guid":{"rendered":"http:\/\/institutviladomat.cat\/portfoli\/15marbernet\/?p=473"},"modified":"2018-03-09T16:17:57","modified_gmt":"2018-03-09T16:17:57","slug":"reforma-contrarreforma","status":"publish","type":"post","link":"https:\/\/institutviladomat.cat\/portfoli\/15marbernet\/2018\/03\/09\/reforma-contrarreforma\/","title":{"rendered":"Reforma\/Contrarreforma"},"content":{"rendered":"<p>A la classe de Jordi de l&#8217;\u00e0mbit de SAE vam haver de fer un v\u00eddeo promocionant una exposici\u00f3 sobre la reforma i la contrarreforma. El vam fer en grup, i cada un va gravar les seves parts del \u00e0udio. El Xavier va fer tot el muntatge del v\u00eddeo, per\u00f2 cadasc\u00fa li va passar les imatges de la seva part i els \u00e0udios de cada part. Va ser divertit veure com els altres feien el mateix v\u00eddeo i quines idees havien tingut ells. Va ser una posada en com\u00fa molt interessant. Les idees eren diverses i no tothom va fer el mateix. El nostre durava casi 6\u00a0 minuts. Ens va quedar for\u00e7a b\u00e9 i crec que \u00e9s bastant correcte. vam treure bona nota i em va agradar fer aquest treball. Tothom va participar i tothom va aportar alguna cosa al v\u00eddeo.<\/p>\n<p>Aqu\u00ed us deixo el v\u00eddeo de la campanya publicit\u00e0ria que vam fer.<\/p>\n<iframe width=\"100%\" height=\"400\" frameborder=\"0\" scrolling=\"https:\/\/drive.google.com\/a\/institutviladomat.cat\/file\/d\/1j8tGf1NgSExntlsOJBmUM2ZWe6KUGdRq\/preview?usp=drivesdk\" src=\"https:\/\/drive.google.com\/a\/institutviladomat.cat\/file\/d\/1j8tGf1NgSExntlsOJBmUM2ZWe6KUGdRq\/preview?usp=drivesdk\"><\/iframe>\n<p>&nbsp;<\/p>\n","protected":false},"excerpt":{"rendered":"<p>A la classe de Jordi de l&#8217;\u00e0mbit de SAE vam haver de fer un v\u00eddeo promocionant una exposici\u00f3 sobre la reforma i la contrarreforma. El vam fer en&#8230;<\/p>\n","protected":false},"author":19,"featured_media":477,"comment_status":"open","ping_status":"open","sticky":false,"template":"","format":"standard","meta":{"footnotes":""},"categories":[35,31,1],"tags":[],"_links":{"self":[{"href":"https:\/\/institutviladomat.cat\/portfoli\/15marbernet\/wp-json\/wp\/v2\/posts\/473"}],"collection":[{"href":"https:\/\/institutviladomat.cat\/portfoli\/15marbernet\/wp-json\/wp\/v2\/posts"}],"about":[{"href":"https:\/\/institutviladomat.cat\/portfoli\/15marbernet\/wp-json\/wp\/v2\/types\/post"}],"author":[{"embeddable":true,"href":"https:\/\/institutviladomat.cat\/portfoli\/15marbernet\/wp-json\/wp\/v2\/users\/19"}],"replies":[{"embeddable":true,"href":"https:\/\/institutviladomat.cat\/portfoli\/15marbernet\/wp-json\/wp\/v2\/comments?post=473"}],"version-history":[{"count":3,"href":"https:\/\/institutviladomat.cat\/portfoli\/15marbernet\/wp-json\/wp\/v2\/posts\/473\/revisions"}],"predecessor-version":[{"id":476,"href":"https:\/\/institutviladomat.cat\/portfoli\/15marbernet\/wp-json\/wp\/v2\/posts\/473\/revisions\/476"}],"wp:featuredmedia":[{"embeddable":true,"href":"https:\/\/institutviladomat.cat\/portfoli\/15marbernet\/wp-json\/wp\/v2\/media\/477"}],"wp:attachment":[{"href":"https:\/\/institutviladomat.cat\/portfoli\/15marbernet\/wp-json\/wp\/v2\/media?parent=473"}],"wp:term":[{"taxonomy":"category","embeddable":true,"href":"https:\/\/institutviladomat.cat\/portfoli\/15marbernet\/wp-json\/wp\/v2\/categories?post=473"},{"taxonomy":"post_tag","embeddable":true,"href":"https:\/\/institutviladomat.cat\/portfoli\/15marbernet\/wp-json\/wp\/v2\/tags?post=473"}],"curies":[{"name":"wp","href":"https:\/\/api.w.org\/{rel}","templated":true}]}}