{"id":488,"date":"2018-03-27T17:18:43","date_gmt":"2018-03-27T17:18:43","guid":{"rendered":"http:\/\/institutviladomat.cat\/portfoli\/15marbernet\/?p=488"},"modified":"2018-03-27T17:18:43","modified_gmt":"2018-03-27T17:18:43","slug":"valoracio-306","status":"publish","type":"post","link":"https:\/\/institutviladomat.cat\/portfoli\/15marbernet\/2018\/03\/27\/valoracio-306\/","title":{"rendered":"Valoraci\u00f3 306"},"content":{"rendered":"<ul>\n<li>Que he apr\u00e9s?<\/li>\n<\/ul>\n<p>He apr\u00e9s com funciona el sistema respiratori, \u00e9s a dir, com funciona que interv\u00e9 en aquest proc\u00e9s&#8230; Tamb\u00e9 he apr\u00e9s a fer una classe de 2 hores. Fer activitats i pr\u00e0ctiques per a poder aconseguir l&#8217;objectiu.<\/p>\n<ul>\n<li>Que canviaria?<\/li>\n<\/ul>\n<p>Canviaria les classes d&#8217;educaci\u00f3 f\u00edsica, nom\u00e9s les que hem fet corrent. Tantes classes fent el mateix i en un mateix espai, al final cansa. Se m&#8217;ha fet repetitiu i molt cansat. Tamb\u00e9 canviaria que a la classe de m\u00fasica pogu\u00e9ssim tocar instruments m\u00e9s sovint.<\/p>\n<ul>\n<li>Que m&#8217;ha agradat?<\/li>\n<\/ul>\n<p>M&#8217;ha agradat la classe de m\u00fasica en la que vam tocar els instruments, ja que casi mai ho fem.<\/p>\n","protected":false},"excerpt":{"rendered":"<p>Que he apr\u00e9s? He apr\u00e9s com funciona el sistema respiratori, \u00e9s a dir, com funciona que interv\u00e9 en aquest proc\u00e9s&#8230; Tamb\u00e9 he apr\u00e9s a fer una classe de&#8230;<\/p>\n","protected":false},"author":19,"featured_media":404,"comment_status":"open","ping_status":"open","sticky":false,"template":"","format":"standard","meta":{"footnotes":""},"categories":[1],"tags":[],"_links":{"self":[{"href":"https:\/\/institutviladomat.cat\/portfoli\/15marbernet\/wp-json\/wp\/v2\/posts\/488"}],"collection":[{"href":"https:\/\/institutviladomat.cat\/portfoli\/15marbernet\/wp-json\/wp\/v2\/posts"}],"about":[{"href":"https:\/\/institutviladomat.cat\/portfoli\/15marbernet\/wp-json\/wp\/v2\/types\/post"}],"author":[{"embeddable":true,"href":"https:\/\/institutviladomat.cat\/portfoli\/15marbernet\/wp-json\/wp\/v2\/users\/19"}],"replies":[{"embeddable":true,"href":"https:\/\/institutviladomat.cat\/portfoli\/15marbernet\/wp-json\/wp\/v2\/comments?post=488"}],"version-history":[{"count":3,"href":"https:\/\/institutviladomat.cat\/portfoli\/15marbernet\/wp-json\/wp\/v2\/posts\/488\/revisions"}],"predecessor-version":[{"id":495,"href":"https:\/\/institutviladomat.cat\/portfoli\/15marbernet\/wp-json\/wp\/v2\/posts\/488\/revisions\/495"}],"wp:featuredmedia":[{"embeddable":true,"href":"https:\/\/institutviladomat.cat\/portfoli\/15marbernet\/wp-json\/wp\/v2\/media\/404"}],"wp:attachment":[{"href":"https:\/\/institutviladomat.cat\/portfoli\/15marbernet\/wp-json\/wp\/v2\/media?parent=488"}],"wp:term":[{"taxonomy":"category","embeddable":true,"href":"https:\/\/institutviladomat.cat\/portfoli\/15marbernet\/wp-json\/wp\/v2\/categories?post=488"},{"taxonomy":"post_tag","embeddable":true,"href":"https:\/\/institutviladomat.cat\/portfoli\/15marbernet\/wp-json\/wp\/v2\/tags?post=488"}],"curies":[{"name":"wp","href":"https:\/\/api.w.org\/{rel}","templated":true}]}}