{"id":52,"date":"2016-09-19T08:46:51","date_gmt":"2016-09-19T08:46:51","guid":{"rendered":"http:\/\/institutviladomat.cat\/portfoli\/15marbernet\/?p=52"},"modified":"2016-10-28T07:47:11","modified_gmt":"2016-10-28T07:47:11","slug":"analisi-duna-fotografia","status":"publish","type":"post","link":"https:\/\/institutviladomat.cat\/portfoli\/15marbernet\/2016\/09\/19\/analisi-duna-fotografia\/","title":{"rendered":"An\u00e1lisi d&#8217;una fotografia"},"content":{"rendered":"<p><img decoding=\"async\" loading=\"lazy\" class=\"alignnone wp-image-53\" src=\"http:\/\/institutviladomat.cat\/portfoli\/15marbernet\/wp-content\/uploads\/sites\/17\/2016\/09\/576_1362050374vallesoriental_arc_santmart_febrer2013_02-300x172.jpg\" alt=\"576_1362050374vallesoriental_arc_santmart_febrer2013_02\" width=\"321\" height=\"184\" srcset=\"https:\/\/institutviladomat.cat\/portfoli\/15marbernet\/wp-content\/uploads\/sites\/17\/2016\/09\/576_1362050374vallesoriental_arc_santmart_febrer2013_02-300x172.jpg 300w, https:\/\/institutviladomat.cat\/portfoli\/15marbernet\/wp-content\/uploads\/sites\/17\/2016\/09\/576_1362050374vallesoriental_arc_santmart_febrer2013_02.jpg 576w\" sizes=\"(max-width: 321px) 100vw, 321px\" \/><\/p>\n<p><span style=\"font-weight: 400\">Primer punt: La fotografia es titula: L\u2019arc de sant Mart\u00ed. L\u2019autor es el Jordi Rodoreda. Aquesta fotografia est\u00e0 feta a Sant Pere de Vilamajor. L\u2019autor va fer aquesta fotografia el dia 28 de febrer del 2013.<\/span><\/p>\n<p><span style=\"font-weight: 400\">Segon punt: En aquesta fotografia, es veu un descampat verd amb alguns arbres al final, al fons de tot hi ha cases grogues amb les teulades de color marr\u00f3. Tamb\u00e9 hi ha unes fanals que van des de davant de la fotografia fins al final de les cases. L\u2019arc de sant Mart\u00ed est\u00e0 situat a dalt de la fotografia i podem veure com baixa fins a les cases. <\/span><\/p>\n<p><span style=\"font-weight: 400\">Tercer punt: La meva sensaci\u00f3 al mirar la fotografia \u00e9s que es per la tarda i acaba de ploure, la gent esta a casa seva per que a fora est\u00e0 tot mullat i fa fred. El que ha fet la fotografia ha sortit a fora justament per fotografiar l\u2019arc de sant Mart\u00ed en aquest cel tant fosc. <\/span><\/p>\n<p><span style=\"font-weight: 400\">Cuart punt: El fot\u00f3graf ha fet aquesta fotografia des de l\u2019esplanada verda que hi ha. L\u2019ha fet recte pero lluny per que es pogui veure b\u00e9 l\u2019arc. <\/span><\/p>\n<p><span style=\"font-weight: 400\">Cinqu\u00e9 punt: Jo em posaria a una dist\u00e0ncia prudencial per poder agafar l\u2019arc, que es el que vols fotografiar. El l\u00edmit es l\u2019arc en si o per dir-ho aix\u00ed, el cel. He volgut incloure l\u2019arc les cases, els cables de l\u2019electricitat els fanals, els arbres\u2026. Esta feta amb un angle regle. La llum de la fotografia \u00e9s natural. La llum es tapissada.<\/span><\/p>\n<p><span style=\"font-weight: 400\">Sis\u00e9 punt: El primer que veus al mirar la fotografia, es l\u2019arc desant Mart\u00ed.<\/span><\/p>\n","protected":false},"excerpt":{"rendered":"<p>Primer punt: La fotografia es titula: L\u2019arc de sant Mart\u00ed. L\u2019autor es el Jordi Rodoreda. Aquesta fotografia est\u00e0 feta a Sant Pere de Vilamajor. L\u2019autor va fer aquesta&#8230;<\/p>\n","protected":false},"author":19,"featured_media":53,"comment_status":"open","ping_status":"open","sticky":false,"template":"","format":"standard","meta":{"footnotes":""},"categories":[1],"tags":[],"_links":{"self":[{"href":"https:\/\/institutviladomat.cat\/portfoli\/15marbernet\/wp-json\/wp\/v2\/posts\/52"}],"collection":[{"href":"https:\/\/institutviladomat.cat\/portfoli\/15marbernet\/wp-json\/wp\/v2\/posts"}],"about":[{"href":"https:\/\/institutviladomat.cat\/portfoli\/15marbernet\/wp-json\/wp\/v2\/types\/post"}],"author":[{"embeddable":true,"href":"https:\/\/institutviladomat.cat\/portfoli\/15marbernet\/wp-json\/wp\/v2\/users\/19"}],"replies":[{"embeddable":true,"href":"https:\/\/institutviladomat.cat\/portfoli\/15marbernet\/wp-json\/wp\/v2\/comments?post=52"}],"version-history":[{"count":1,"href":"https:\/\/institutviladomat.cat\/portfoli\/15marbernet\/wp-json\/wp\/v2\/posts\/52\/revisions"}],"predecessor-version":[{"id":54,"href":"https:\/\/institutviladomat.cat\/portfoli\/15marbernet\/wp-json\/wp\/v2\/posts\/52\/revisions\/54"}],"wp:featuredmedia":[{"embeddable":true,"href":"https:\/\/institutviladomat.cat\/portfoli\/15marbernet\/wp-json\/wp\/v2\/media\/53"}],"wp:attachment":[{"href":"https:\/\/institutviladomat.cat\/portfoli\/15marbernet\/wp-json\/wp\/v2\/media?parent=52"}],"wp:term":[{"taxonomy":"category","embeddable":true,"href":"https:\/\/institutviladomat.cat\/portfoli\/15marbernet\/wp-json\/wp\/v2\/categories?post=52"},{"taxonomy":"post_tag","embeddable":true,"href":"https:\/\/institutviladomat.cat\/portfoli\/15marbernet\/wp-json\/wp\/v2\/tags?post=52"}],"curies":[{"name":"wp","href":"https:\/\/api.w.org\/{rel}","templated":true}]}}