{"id":525,"date":"2018-04-24T10:31:28","date_gmt":"2018-04-24T10:31:28","guid":{"rendered":"http:\/\/institutviladomat.cat\/portfoli\/15marbernet\/?p=525"},"modified":"2018-05-18T15:14:53","modified_gmt":"2018-05-18T15:14:53","slug":"tarragona","status":"publish","type":"post","link":"https:\/\/institutviladomat.cat\/portfoli\/15marbernet\/2018\/04\/24\/tarragona\/","title":{"rendered":"Tarragona"},"content":{"rendered":"<p>Dijous 12 vam anar a Tarragona. Vam marxar a les 8 del mat\u00ed amb autocar i sobre les 11 ja hi \u00e9rem. Vam esmorzar i despr\u00e9s vam comen\u00e7ar la visita. Els profes ens van dividir en els grups d&#8217;educaci\u00f3 f\u00edsica i vam marxar. Al comen\u00e7ar la vistita, vam entrar dins d&#8217;una sala on hi havia la maqueta de T\u00e0rraco romana. Ens van explicar quin seria el nostre recorregut i quines parts visitariem. Vam anar a visitar el castell i la muralla de T\u00e0rraco. Ens vam rec\u00f3rrer tota la muralla i ens va explicar tota la historia. La vida dels romans que habitaven, com vivien, quines classes socials hi havia, com convivien&#8230; Tamb\u00e9 ens va explicar que la pol\u00edtica que feien servir i les campanyes publicit\u00e0ries per promocionar-se eren igual que les d&#8217;ara. Com que \u00f2bviament no hi havia mitjans de comunicaci\u00f3, televisi\u00f3 ni r\u00e0dio, es feien construir estatues de marbre per fer-se saber. Tamb\u00e9 ens va explicar v\u00e0ries an\u00e9cdotes sobre els romans. Tot aix\u00f2 mentre anavem recorrent la muralla.\u00a0 Vam anar al museu, on ens van posar un v\u00eddeo sobre T\u00e0rraco. Despr\u00e8s, vam anar a\u00a0l&#8217;amfiteatre, passant per sota el circ i sabent que es feia all\u00e0. Vam arribar a\u00a0l&#8217;amfiteatre i all\u00e0 es va acabar la visita. Tamb\u00e9 vam resoldre dubtes sobre tot el que ens havia explicat. Vam tenir temps lliure per anar a dinar i despr\u00e8s vam tornar a Barcelona amb autocar.<\/p>\n","protected":false},"excerpt":{"rendered":"<p>Dijous 12 vam anar a Tarragona. Vam marxar a les 8 del mat\u00ed amb autocar i sobre les 11 ja hi \u00e9rem. Vam esmorzar i despr\u00e9s vam comen\u00e7ar&#8230;<\/p>\n","protected":false},"author":19,"featured_media":544,"comment_status":"open","ping_status":"open","sticky":false,"template":"","format":"standard","meta":{"footnotes":""},"categories":[1],"tags":[],"_links":{"self":[{"href":"https:\/\/institutviladomat.cat\/portfoli\/15marbernet\/wp-json\/wp\/v2\/posts\/525"}],"collection":[{"href":"https:\/\/institutviladomat.cat\/portfoli\/15marbernet\/wp-json\/wp\/v2\/posts"}],"about":[{"href":"https:\/\/institutviladomat.cat\/portfoli\/15marbernet\/wp-json\/wp\/v2\/types\/post"}],"author":[{"embeddable":true,"href":"https:\/\/institutviladomat.cat\/portfoli\/15marbernet\/wp-json\/wp\/v2\/users\/19"}],"replies":[{"embeddable":true,"href":"https:\/\/institutviladomat.cat\/portfoli\/15marbernet\/wp-json\/wp\/v2\/comments?post=525"}],"version-history":[{"count":6,"href":"https:\/\/institutviladomat.cat\/portfoli\/15marbernet\/wp-json\/wp\/v2\/posts\/525\/revisions"}],"predecessor-version":[{"id":584,"href":"https:\/\/institutviladomat.cat\/portfoli\/15marbernet\/wp-json\/wp\/v2\/posts\/525\/revisions\/584"}],"wp:featuredmedia":[{"embeddable":true,"href":"https:\/\/institutviladomat.cat\/portfoli\/15marbernet\/wp-json\/wp\/v2\/media\/544"}],"wp:attachment":[{"href":"https:\/\/institutviladomat.cat\/portfoli\/15marbernet\/wp-json\/wp\/v2\/media?parent=525"}],"wp:term":[{"taxonomy":"category","embeddable":true,"href":"https:\/\/institutviladomat.cat\/portfoli\/15marbernet\/wp-json\/wp\/v2\/categories?post=525"},{"taxonomy":"post_tag","embeddable":true,"href":"https:\/\/institutviladomat.cat\/portfoli\/15marbernet\/wp-json\/wp\/v2\/tags?post=525"}],"curies":[{"name":"wp","href":"https:\/\/api.w.org\/{rel}","templated":true}]}}