{"id":529,"date":"2018-04-23T06:29:02","date_gmt":"2018-04-23T06:29:02","guid":{"rendered":"http:\/\/institutviladomat.cat\/portfoli\/15marbernet\/?p=529"},"modified":"2018-04-23T06:29:02","modified_gmt":"2018-04-23T06:29:02","slug":"los-sin-nombre","status":"publish","type":"post","link":"https:\/\/institutviladomat.cat\/portfoli\/15marbernet\/2018\/04\/23\/los-sin-nombre\/","title":{"rendered":"Los Sin Nombre"},"content":{"rendered":"<p><span style=\"font-weight: 400\">El pasado viernes 13, vimos la pel\u00edcula de Los Sin Nombre. Trataba de una muerte de una ni\u00f1a de 5 a\u00f1os que, al final, resulta estar viva y estar metida dentro de una secta llamada as\u00ed. Empieza con el padre, la madre y \u00c1ngela en la playa pasandolo bien. Despu\u00e9s sigue con los padres, en la comisar\u00eda y con el forense, identificando a la ni\u00f1a y ya d\u00e1ndola por muerta. Al cabo de 10 a\u00f1os la madre recibe una llamada, de \u00c1ngela pidiendole ayuda, que la vaya a buscar. Siguiendo pistas y con la ayuda de uno de los policias del caso y con la de un periodista que trabaja en una revista de sucesos paranormales, acabaran con un tr\u00e0gico final. Los dos amigos y la madre se meter\u00e1n en muchos lios y algunos no van a acabar bien. El periodista y el policia morir\u00e1n. \u00c1ngela aparecer\u00e1, cerrada en un habitaci\u00f3n con su madre y con el cad\u00e1ver de el policia. \u00c1ngela lo hab\u00eda matado. Cuando parece que \u00c1ngela ya no esta en ese modo, de matar personas por el lavado de celebro que le han hecho, es justo cuando coge una pistola y se pega un tiro. Aqu\u00ed acaba la pelicula, pero con la resoluci\u00f3n de qui\u00e9n es el &#8220;jefe&#8221; de esta secta. Es el padre. El padre de \u00c0ngela el que la meti\u00f3 en todo esto. Un final intrigante para este thriller.\u00a0<\/span><\/p>\n","protected":false},"excerpt":{"rendered":"<p>El pasado viernes 13, vimos la pel\u00edcula de Los Sin Nombre. Trataba de una muerte de una ni\u00f1a de 5 a\u00f1os que, al final, resulta estar viva y&#8230;<\/p>\n","protected":false},"author":19,"featured_media":536,"comment_status":"open","ping_status":"open","sticky":false,"template":"","format":"standard","meta":{"footnotes":""},"categories":[1],"tags":[],"_links":{"self":[{"href":"https:\/\/institutviladomat.cat\/portfoli\/15marbernet\/wp-json\/wp\/v2\/posts\/529"}],"collection":[{"href":"https:\/\/institutviladomat.cat\/portfoli\/15marbernet\/wp-json\/wp\/v2\/posts"}],"about":[{"href":"https:\/\/institutviladomat.cat\/portfoli\/15marbernet\/wp-json\/wp\/v2\/types\/post"}],"author":[{"embeddable":true,"href":"https:\/\/institutviladomat.cat\/portfoli\/15marbernet\/wp-json\/wp\/v2\/users\/19"}],"replies":[{"embeddable":true,"href":"https:\/\/institutviladomat.cat\/portfoli\/15marbernet\/wp-json\/wp\/v2\/comments?post=529"}],"version-history":[{"count":2,"href":"https:\/\/institutviladomat.cat\/portfoli\/15marbernet\/wp-json\/wp\/v2\/posts\/529\/revisions"}],"predecessor-version":[{"id":535,"href":"https:\/\/institutviladomat.cat\/portfoli\/15marbernet\/wp-json\/wp\/v2\/posts\/529\/revisions\/535"}],"wp:featuredmedia":[{"embeddable":true,"href":"https:\/\/institutviladomat.cat\/portfoli\/15marbernet\/wp-json\/wp\/v2\/media\/536"}],"wp:attachment":[{"href":"https:\/\/institutviladomat.cat\/portfoli\/15marbernet\/wp-json\/wp\/v2\/media?parent=529"}],"wp:term":[{"taxonomy":"category","embeddable":true,"href":"https:\/\/institutviladomat.cat\/portfoli\/15marbernet\/wp-json\/wp\/v2\/categories?post=529"},{"taxonomy":"post_tag","embeddable":true,"href":"https:\/\/institutviladomat.cat\/portfoli\/15marbernet\/wp-json\/wp\/v2\/tags?post=529"}],"curies":[{"name":"wp","href":"https:\/\/api.w.org\/{rel}","templated":true}]}}