{"id":533,"date":"2018-04-27T11:43:16","date_gmt":"2018-04-27T11:43:16","guid":{"rendered":"http:\/\/institutviladomat.cat\/portfoli\/15marbernet\/?p=533"},"modified":"2018-04-27T11:45:43","modified_gmt":"2018-04-27T11:45:43","slug":"sant-jordi","status":"publish","type":"post","link":"https:\/\/institutviladomat.cat\/portfoli\/15marbernet\/2018\/04\/27\/sant-jordi\/","title":{"rendered":"Sant Jordi"},"content":{"rendered":"<p>El passat 23 d&#8217;abril va ser Sant Jordi. A l&#8217;institut ho vam celebrar d&#8217;una forma diferent. Les dues primeres hores vam fer socials, i vam fer un examen de comarques que va anar molt b\u00e9, i les altes 4 vam fer diverses activitats.<\/p>\n<p>La primera activitat que vam fer consistia en agafar un text que ens donaven i acabar-lo. L&#8217;hav\u00edem de passar a l&#8217;storybird i penjar-ho en una tasca. Ho hav\u00edem de fer en grup i el nostre document amb el relat va quedar aix\u00ed:<\/p>\n<iframe width=\"100%\" height=\"400\" frameborder=\"0\" scrolling=\"https:\/\/docs.google.com\/document\/d\/1ErMloFjX7PjpNgSrSdG6ovOpjRXM0aKZa5dSRep05ro\/preview?usp=drivesdk\" src=\"https:\/\/docs.google.com\/document\/d\/1ErMloFjX7PjpNgSrSdG6ovOpjRXM0aKZa5dSRep05ro\/preview?usp=drivesdk\"><\/iframe>\n<p>Despr\u00e8s, vam haver de fer una activitat on haviem de canviar els contes tradicionals. El nostre conte era el de la Ventafocs i vam decidir donar-li un toc rebel. Aquesta noia no era una princeseta, sin\u00f3 que era una adolescent que s&#8217;escapa de casa per anar a una festa; on coneix a un noi i surten junts. Cada grup va fer una hist\u00f2ria diferent i a mi em va agradar fer-ho.\u00a0 El nostre document:<\/p>\n<iframe width=\"100%\" height=\"400\" frameborder=\"0\" scrolling=\"https:\/\/docs.google.com\/document\/d\/1IylJ1xt-iCP9Rr7EvZG0OKWToGJqfjyv2AuD1m3hHmI\/preview?usp=drivesdk\" src=\"https:\/\/docs.google.com\/document\/d\/1IylJ1xt-iCP9Rr7EvZG0OKWToGJqfjyv2AuD1m3hHmI\/preview?usp=drivesdk\"><\/iframe>\n<p>Per acabar el dia; un recull d&#8217;alumnes de 1r, 2n i 3r, van fer-nos un concert. Uns cantaven, altres tocaven instruments i la Lia va ballar un tango. Va ser molt divertit i em va agradar molt.<\/p>\n","protected":false},"excerpt":{"rendered":"<p>El passat 23 d&#8217;abril va ser Sant Jordi. A l&#8217;institut ho vam celebrar d&#8217;una forma diferent. Les dues primeres hores vam fer socials, i vam fer un examen&#8230;<\/p>\n","protected":false},"author":19,"featured_media":554,"comment_status":"open","ping_status":"open","sticky":false,"template":"","format":"standard","meta":{"footnotes":""},"categories":[1],"tags":[],"_links":{"self":[{"href":"https:\/\/institutviladomat.cat\/portfoli\/15marbernet\/wp-json\/wp\/v2\/posts\/533"}],"collection":[{"href":"https:\/\/institutviladomat.cat\/portfoli\/15marbernet\/wp-json\/wp\/v2\/posts"}],"about":[{"href":"https:\/\/institutviladomat.cat\/portfoli\/15marbernet\/wp-json\/wp\/v2\/types\/post"}],"author":[{"embeddable":true,"href":"https:\/\/institutviladomat.cat\/portfoli\/15marbernet\/wp-json\/wp\/v2\/users\/19"}],"replies":[{"embeddable":true,"href":"https:\/\/institutviladomat.cat\/portfoli\/15marbernet\/wp-json\/wp\/v2\/comments?post=533"}],"version-history":[{"count":3,"href":"https:\/\/institutviladomat.cat\/portfoli\/15marbernet\/wp-json\/wp\/v2\/posts\/533\/revisions"}],"predecessor-version":[{"id":553,"href":"https:\/\/institutviladomat.cat\/portfoli\/15marbernet\/wp-json\/wp\/v2\/posts\/533\/revisions\/553"}],"wp:featuredmedia":[{"embeddable":true,"href":"https:\/\/institutviladomat.cat\/portfoli\/15marbernet\/wp-json\/wp\/v2\/media\/554"}],"wp:attachment":[{"href":"https:\/\/institutviladomat.cat\/portfoli\/15marbernet\/wp-json\/wp\/v2\/media?parent=533"}],"wp:term":[{"taxonomy":"category","embeddable":true,"href":"https:\/\/institutviladomat.cat\/portfoli\/15marbernet\/wp-json\/wp\/v2\/categories?post=533"},{"taxonomy":"post_tag","embeddable":true,"href":"https:\/\/institutviladomat.cat\/portfoli\/15marbernet\/wp-json\/wp\/v2\/tags?post=533"}],"curies":[{"name":"wp","href":"https:\/\/api.w.org\/{rel}","templated":true}]}}