{"id":538,"date":"2018-04-27T12:10:27","date_gmt":"2018-04-27T12:10:27","guid":{"rendered":"http:\/\/institutviladomat.cat\/portfoli\/15marbernet\/?p=538"},"modified":"2018-06-11T06:48:22","modified_gmt":"2018-06-11T06:48:22","slug":"la-meva-primera-composicio","status":"publish","type":"post","link":"https:\/\/institutviladomat.cat\/portfoli\/15marbernet\/2018\/04\/27\/la-meva-primera-composicio\/","title":{"rendered":"La meva primera composici\u00f3"},"content":{"rendered":"<p>A m\u00fasica hem fet un Rond\u00f3. \u00c9s un tipus de tema musical que consisteix en un tema i per el mig hi ha diverses variacions. Cadasc\u00fa havia de crear un rond\u00f3, seguint uns passos i amb unes instruccions. Vaig fer la meva primera composici\u00f3 amb el noteflight. \u00c9s una plataforma que et permet fer composicions. Aix\u00ed va quedar la meva composici\u00f3;<\/p>\n<p><a href=\"https:\/\/www.noteflight.com\/scores\/view\/7e866b5e9912c6e51ba6502ca0204a193ebf83f3\">Composici\u00f3 musical<\/a><\/p>\n<!--[if lt IE 9]><script>document.createElement('audio');<\/script><![endif]-->\n<audio class=\"wp-audio-shortcode\" id=\"audio-538-1\" preload=\"none\" style=\"width: 100%;\" controls=\"controls\"><source type=\"audio\/mpeg\" src=\"http:\/\/institutviladomat.cat\/portfoli\/15marbernet\/wp-content\/uploads\/sites\/17\/2018\/04\/Rond\u00f3.mp3?_=1\" \/><a href=\"http:\/\/institutviladomat.cat\/portfoli\/15marbernet\/wp-content\/uploads\/sites\/17\/2018\/04\/Rond\u00f3.mp3\">http:\/\/institutviladomat.cat\/portfoli\/15marbernet\/wp-content\/uploads\/sites\/17\/2018\/04\/Rond\u00f3.mp3<\/a><\/audio>\n","protected":false},"excerpt":{"rendered":"<p>A m\u00fasica hem fet un Rond\u00f3. \u00c9s un tipus de tema musical que consisteix en un tema i per el mig hi ha diverses variacions. Cadasc\u00fa havia de&#8230;<\/p>\n","protected":false},"author":19,"featured_media":545,"comment_status":"open","ping_status":"open","sticky":false,"template":"","format":"standard","meta":{"footnotes":""},"categories":[40,1],"tags":[],"_links":{"self":[{"href":"https:\/\/institutviladomat.cat\/portfoli\/15marbernet\/wp-json\/wp\/v2\/posts\/538"}],"collection":[{"href":"https:\/\/institutviladomat.cat\/portfoli\/15marbernet\/wp-json\/wp\/v2\/posts"}],"about":[{"href":"https:\/\/institutviladomat.cat\/portfoli\/15marbernet\/wp-json\/wp\/v2\/types\/post"}],"author":[{"embeddable":true,"href":"https:\/\/institutviladomat.cat\/portfoli\/15marbernet\/wp-json\/wp\/v2\/users\/19"}],"replies":[{"embeddable":true,"href":"https:\/\/institutviladomat.cat\/portfoli\/15marbernet\/wp-json\/wp\/v2\/comments?post=538"}],"version-history":[{"count":4,"href":"https:\/\/institutviladomat.cat\/portfoli\/15marbernet\/wp-json\/wp\/v2\/posts\/538\/revisions"}],"predecessor-version":[{"id":666,"href":"https:\/\/institutviladomat.cat\/portfoli\/15marbernet\/wp-json\/wp\/v2\/posts\/538\/revisions\/666"}],"wp:featuredmedia":[{"embeddable":true,"href":"https:\/\/institutviladomat.cat\/portfoli\/15marbernet\/wp-json\/wp\/v2\/media\/545"}],"wp:attachment":[{"href":"https:\/\/institutviladomat.cat\/portfoli\/15marbernet\/wp-json\/wp\/v2\/media?parent=538"}],"wp:term":[{"taxonomy":"category","embeddable":true,"href":"https:\/\/institutviladomat.cat\/portfoli\/15marbernet\/wp-json\/wp\/v2\/categories?post=538"},{"taxonomy":"post_tag","embeddable":true,"href":"https:\/\/institutviladomat.cat\/portfoli\/15marbernet\/wp-json\/wp\/v2\/tags?post=538"}],"curies":[{"name":"wp","href":"https:\/\/api.w.org\/{rel}","templated":true}]}}