{"id":567,"date":"2018-05-11T15:06:30","date_gmt":"2018-05-11T15:06:30","guid":{"rendered":"http:\/\/institutviladomat.cat\/portfoli\/15marbernet\/?p=567"},"modified":"2018-06-11T06:47:23","modified_gmt":"2018-06-11T06:47:23","slug":"frankenstein","status":"publish","type":"post","link":"https:\/\/institutviladomat.cat\/portfoli\/15marbernet\/2018\/05\/11\/frankenstein\/","title":{"rendered":"Frankenstein"},"content":{"rendered":"<p>Avui 2 de maig hem vist la pel\u00b7l\u00edcula de\u00a0Frankenstein per obrir la situaci\u00f3 308 que tracta de Frankenstein, el Prometeu modern.\u00a0Frankenstein \u00e9s la t\u00edpica hist\u00f2ria que tothom coneix, per\u00f2 en aquesta peli, es veu molt detalladament.<\/p>\n<p>Al final, el que la pel\u00b7l\u00edcula vol reflectir que potser el monstre \u00e9s la persona que l&#8217;ha creat. \u00c9s a dir que el monstre realment \u00e9s Victor Frankenstein. Crear una criatura i despr\u00e8s deixar-la tirada, i que ja far\u00e0 la seva vida. El monstre al final, plora per la mort del seu creador que en realitat \u00e9s el seu pare. Per aix\u00f2, el missatge \u00e9s que potser en Victor hauria d&#8217;haver estat amb el monstre i no portar-lo per la mala conducta, com la de matar al seu germ\u00e0 petit, al seu pare i a la seva dona.<\/p>\n<p>Ha estat b\u00e9 aquesta pel\u00b7l\u00edcula i m&#8217;ha agradat bastant. Hi havia parts delicades com la que agafa les parts i les cus, i eren desagradables, per\u00f2 ha estat b\u00e9.<\/p>\n","protected":false},"excerpt":{"rendered":"<p>Avui 2 de maig hem vist la pel\u00b7l\u00edcula de\u00a0Frankenstein per obrir la situaci\u00f3 308 que tracta de Frankenstein, el Prometeu modern.\u00a0Frankenstein \u00e9s la t\u00edpica hist\u00f2ria que tothom coneix,&#8230;<\/p>\n","protected":false},"author":19,"featured_media":572,"comment_status":"open","ping_status":"open","sticky":false,"template":"","format":"standard","meta":{"footnotes":""},"categories":[40,1,48],"tags":[],"_links":{"self":[{"href":"https:\/\/institutviladomat.cat\/portfoli\/15marbernet\/wp-json\/wp\/v2\/posts\/567"}],"collection":[{"href":"https:\/\/institutviladomat.cat\/portfoli\/15marbernet\/wp-json\/wp\/v2\/posts"}],"about":[{"href":"https:\/\/institutviladomat.cat\/portfoli\/15marbernet\/wp-json\/wp\/v2\/types\/post"}],"author":[{"embeddable":true,"href":"https:\/\/institutviladomat.cat\/portfoli\/15marbernet\/wp-json\/wp\/v2\/users\/19"}],"replies":[{"embeddable":true,"href":"https:\/\/institutviladomat.cat\/portfoli\/15marbernet\/wp-json\/wp\/v2\/comments?post=567"}],"version-history":[{"count":4,"href":"https:\/\/institutviladomat.cat\/portfoli\/15marbernet\/wp-json\/wp\/v2\/posts\/567\/revisions"}],"predecessor-version":[{"id":573,"href":"https:\/\/institutviladomat.cat\/portfoli\/15marbernet\/wp-json\/wp\/v2\/posts\/567\/revisions\/573"}],"wp:featuredmedia":[{"embeddable":true,"href":"https:\/\/institutviladomat.cat\/portfoli\/15marbernet\/wp-json\/wp\/v2\/media\/572"}],"wp:attachment":[{"href":"https:\/\/institutviladomat.cat\/portfoli\/15marbernet\/wp-json\/wp\/v2\/media?parent=567"}],"wp:term":[{"taxonomy":"category","embeddable":true,"href":"https:\/\/institutviladomat.cat\/portfoli\/15marbernet\/wp-json\/wp\/v2\/categories?post=567"},{"taxonomy":"post_tag","embeddable":true,"href":"https:\/\/institutviladomat.cat\/portfoli\/15marbernet\/wp-json\/wp\/v2\/tags?post=567"}],"curies":[{"name":"wp","href":"https:\/\/api.w.org\/{rel}","templated":true}]}}