{"id":574,"date":"2018-05-28T15:28:16","date_gmt":"2018-05-28T15:28:16","guid":{"rendered":"http:\/\/institutviladomat.cat\/portfoli\/15marbernet\/?p=574"},"modified":"2018-05-28T15:28:16","modified_gmt":"2018-05-28T15:28:16","slug":"port-aventura","status":"publish","type":"post","link":"https:\/\/institutviladomat.cat\/portfoli\/15marbernet\/2018\/05\/28\/port-aventura\/","title":{"rendered":"Port Aventura"},"content":{"rendered":"<p>El passat 8 de maig, els alumnes de 3r, vam anar a Port Aventura. Vam pujar a l&#8217;autocar a les 8 del mat\u00ed i hi vam arribar sobre les 11. Cadasc\u00fa va anar on va voler despr\u00e9s que els professors ens donessin les entrades i els tiquets per a poder dinar. Vaig anar amb la Marta Riera i amb la Marta\u00a0<span class=\"hiddenSpellError\">Farreras<\/span>\u00a0a moltes atraccions. Primer vam anar a l&#8217;estampida. Ens hi vam\u00a0<span class=\"hiddenGrammarError\">pujar<\/span>\u00a0un cop i la Marta Riera no es trobava molt b\u00e9 i es marejava. No va voler tornar a pujar. L&#8217;altra Marta i jo vam pujar un altre cop i despr\u00e9s vam anar al\u00a0<span class=\"hiddenSpellError\">tutuki<\/span>&#8211;<span class=\"hiddenSpellError\">splash<\/span>. All\u00e0 ens vam trobar amb molta m\u00e9s gent de l&#8217;institut. Tamb\u00e9 hi vam pujar amb ells. An\u00e0vem cridant i fent el boig, va ser molt divertit. Ens hi vam\u00a0<span class=\"hiddenGrammarError\">pujar<\/span>\u00a0i la Marta\u00a0<span class=\"hiddenSpellError\">Farreras<\/span>\u00a0i jo vam acabar xopes. Vam pujar-hi com 8 cops m\u00e9s i vam acabar amb tota la roba mullada. Despr\u00e9s, vam anar a una atracci\u00f3 d&#8217;aigua, els\u00a0<span class=\"hiddenSpellError\">tronquitos<\/span>. La Marta Riera tamb\u00e9 hi va pujar per\u00f2 va tornar a trobar-se malament i a marejar-se. Despr\u00e9s, com ja est\u00e0vem mullades, vam anar a una altra atracci\u00f3 d&#8217;aigua, els d\u00f2nuts. Ens vam mullar tamb\u00e9, per\u00f2 ja est\u00e0vem mig seques. Ja ten\u00edem gana i vam anar a buscar lloc per dinar. Vam trobar un lloc on ens donaven un plat de macarrons, hamburguesa i un iogurt. Vam dinar all\u00e0 i tamb\u00e9 ens vam trobar a molta gent. Vam acabar de dinar i com ja era l&#8217;hora d&#8217;agafar l&#8217;autocar que ens portava a Barcelona, vam anar cap al punt de trobada. D&#8217;all\u00e0 vam tornar a Barcelona i vam arribar-hi sobre les 6.<\/p>\n<p>Va ser l&#8217;excursi\u00f3 que em va agradar m\u00e9s de tot el curs. Ens ho vam passar genial i va ser molt divertit.<\/p>\n","protected":false},"excerpt":{"rendered":"<p>El passat 8 de maig, els alumnes de 3r, vam anar a Port Aventura. Vam pujar a l&#8217;autocar a les 8 del mat\u00ed i hi vam arribar sobre&#8230;<\/p>\n","protected":false},"author":19,"featured_media":620,"comment_status":"open","ping_status":"open","sticky":false,"template":"","format":"standard","meta":{"footnotes":""},"categories":[1,42],"tags":[],"_links":{"self":[{"href":"https:\/\/institutviladomat.cat\/portfoli\/15marbernet\/wp-json\/wp\/v2\/posts\/574"}],"collection":[{"href":"https:\/\/institutviladomat.cat\/portfoli\/15marbernet\/wp-json\/wp\/v2\/posts"}],"about":[{"href":"https:\/\/institutviladomat.cat\/portfoli\/15marbernet\/wp-json\/wp\/v2\/types\/post"}],"author":[{"embeddable":true,"href":"https:\/\/institutviladomat.cat\/portfoli\/15marbernet\/wp-json\/wp\/v2\/users\/19"}],"replies":[{"embeddable":true,"href":"https:\/\/institutviladomat.cat\/portfoli\/15marbernet\/wp-json\/wp\/v2\/comments?post=574"}],"version-history":[{"count":3,"href":"https:\/\/institutviladomat.cat\/portfoli\/15marbernet\/wp-json\/wp\/v2\/posts\/574\/revisions"}],"predecessor-version":[{"id":619,"href":"https:\/\/institutviladomat.cat\/portfoli\/15marbernet\/wp-json\/wp\/v2\/posts\/574\/revisions\/619"}],"wp:featuredmedia":[{"embeddable":true,"href":"https:\/\/institutviladomat.cat\/portfoli\/15marbernet\/wp-json\/wp\/v2\/media\/620"}],"wp:attachment":[{"href":"https:\/\/institutviladomat.cat\/portfoli\/15marbernet\/wp-json\/wp\/v2\/media?parent=574"}],"wp:term":[{"taxonomy":"category","embeddable":true,"href":"https:\/\/institutviladomat.cat\/portfoli\/15marbernet\/wp-json\/wp\/v2\/categories?post=574"},{"taxonomy":"post_tag","embeddable":true,"href":"https:\/\/institutviladomat.cat\/portfoli\/15marbernet\/wp-json\/wp\/v2\/tags?post=574"}],"curies":[{"name":"wp","href":"https:\/\/api.w.org\/{rel}","templated":true}]}}